{"id":60249,"date":"2022-05-09T12:52:00","date_gmt":"2022-05-09T12:52:00","guid":{"rendered":"https:\/\/fluency.io\/br\/blog\/como-dizer-foi-mal-em-frances\/"},"modified":"2024-08-26T11:01:46","modified_gmt":"2024-08-26T14:01:46","slug":"como-dizer-foi-mal-em-frances","status":"publish","type":"post","link":"https:\/\/fluency.io\/br\/blog\/como-dizer-foi-mal-em-frances\/","title":{"rendered":"Como dizer Desculpa e Foi Mal em Franc\u00eas?"},"content":{"rendered":"<p>Em franc\u00eas, pedir desculpas \u00e9 expresso pela frase <i>Je suis d\u00e9sol\u00e9<\/i>, que traduzida para o portugu\u00eas significa &#8220;eu sinto muito&#8221;. No decorrer deste artigo, exploraremos a profundidade do uso desta express\u00e3o na l\u00edngua francesa, mais especificamente no contexto de cinco diferentes cen\u00e1rios.<\/p>\n<h2>Utilizando desculpa em franc\u00eas em situa\u00e7\u00f5es cotidianas<\/h2>\n<p>A express\u00e3o <i>Je suis d\u00e9sol\u00e9<\/i>\u00a0\u00e9 comumente usada em situa\u00e7\u00f5es cotidianas para pedir desculpas ou expressar arrependimento. Aqui est\u00e3o alguns exemplos:<\/p>\n<ul>\n<li><i>&#8220;Je suis d\u00e9sol\u00e9, j&#8217;ai oubli\u00e9 notre rendez-vous.&#8221;<\/i> (Desculpe, esqueci nosso encontro.)<\/li>\n<li><i>&#8220;Je suis d\u00e9sol\u00e9 d&#8217;avoir cass\u00e9 ton vase.&#8221;<\/i> (Desculpe por ter quebrado seu vaso.)<\/li>\n<li><i>&#8220;Je suis d\u00e9sol\u00e9, je ne peux pas venir \u00e0 ta f\u00eate.&#8221;<\/i> (Desculpe, eu n\u00e3o posso ir \u00e0 sua festa.)<\/li>\n<li><i>&#8220;Je suis d\u00e9sol\u00e9, je ne voulais pas te blesser.&#8221;<\/i> (Desculpe, eu n\u00e3o queria te machucar.)<\/li>\n<li><i>&#8220;Je suis d\u00e9sol\u00e9, je suis en retard.&#8221;<\/i> (Desculpe, estou atrasado.)<\/li>\n<\/ul>\n<h2>Usando desculpa em franc\u00eas em situa\u00e7\u00f5es formais<\/h2>\n<p>Em contextos formais, a express\u00e3o <i>&#8220;Je suis d\u00e9sol\u00e9&#8221;<\/i> pode ser empregada para expressar desculpas. Veja alguns exemplos:<\/p>\n<ul>\n<li><i>&#8220;Je suis d\u00e9sol\u00e9, Monsieur, je ne peux pas vous aider.&#8221;<\/i> (Desculpe, senhor, eu n\u00e3o posso te ajudar.)<\/li>\n<li><i>&#8220;Je suis d\u00e9sol\u00e9 d&#8217;avoir interrompu votre r\u00e9union.&#8221;<\/i> (Desculpe por ter interrompido sua reuni\u00e3o.)<\/li>\n<li><i>&#8220;Je suis d\u00e9sol\u00e9, je dois annuler notre rendez-vous.&#8221;<\/i> (Desculpe, eu tenho que cancelar nosso compromisso.)<\/li>\n<li><i>&#8220;Je suis d\u00e9sol\u00e9 pour l&#8217;erreur dans le rapport.&#8221;<\/i> (Desculpe pelo erro no relat\u00f3rio.)<\/li>\n<li><i>&#8220;Je suis d\u00e9sol\u00e9, je ne peux pas assister \u00e0 la conf\u00e9rence.&#8221;<\/i> (Desculpe, eu n\u00e3o posso assistir a confer\u00eancia.)<\/li>\n<\/ul>\n<h2>Expressando desculpas sinceras em franc\u00eas<\/h2>\n<p>Quando o arrependimento \u00e9 mais profundo e a necessidade de uma desculpa sincera \u00e9 expressa, o franc\u00eas oferece varia\u00e7\u00f5es da express\u00e3o <i>&#8220;Je suis d\u00e9sol\u00e9&#8221;<\/i>. Veja os exemplos:<\/p>\n<ul>\n<li><i>&#8220;Je suis vraiment d\u00e9sol\u00e9 pour ce que j&#8217;ai fait.&#8221;<\/i> (Eu sinto muito pelo que fiz.)<\/li>\n<li><i>&#8220;Je suis sinc\u00e8rement d\u00e9sol\u00e9 d&#8217;avoir oubli\u00e9 notre anniversaire.&#8221;<\/i> (Eu sinto muito por ter esquecido nosso anivers\u00e1rio.)<\/li>\n<li><i>&#8220;Je suis profond\u00e9ment d\u00e9sol\u00e9 pour votre perte.&#8221;<\/i> (Eu sinto muito pela sua perda.)<\/li>\n<li><i>&#8220;Je suis extr\u00eamement d\u00e9sol\u00e9 de vous avoir laiss\u00e9 tomber.&#8221;<\/i> (Eu sinto muito por ter te decepcionado.)<\/li>\n<li><i>&#8220;Je suis terriblement d\u00e9sol\u00e9 pour mon comportement.&#8221;<\/i> (Eu sinto muito pelo meu comportamento.)<\/li>\n<\/ul>\n<h2>Como pedir desculpa em franc\u00eas em situa\u00e7\u00f5es informais<\/h2>\n<p>Em um contexto mais informal, a express\u00e3o <i>&#8220;Je suis d\u00e9sol\u00e9&#8221;<\/i> pode ser abreviada para <i>&#8220;D\u00e9sol\u00e9&#8221;<\/i>. Alguns exemplos incluem:<\/p>\n<ul>\n<li><i>&#8220;D\u00e9sol\u00e9, j&#8217;ai oubli\u00e9.&#8221;<\/i> (Desculpe, eu esqueci.)<\/li>\n<li><i>&#8220;D\u00e9sol\u00e9, je suis en retard.&#8221;<\/i> (Desculpe, estou atrasado.)<\/li>\n<li><i>&#8220;D\u00e9sol\u00e9, j&#8217;ai cass\u00e9 ton jouet.&#8221;<\/i> (Desculpe, eu quebrei seu brinquedo.)<\/li>\n<li><i>&#8220;D\u00e9sol\u00e9, je ne peux pas venir.&#8221;<\/i> (Desculpe, eu n\u00e3o posso vir.)<\/li>\n<li><i>&#8220;D\u00e9sol\u00e9, je dois partir.&#8221;<\/i> (Desculpe, eu tenho que ir.)<\/li>\n<\/ul>\n<h2>Pedindo desculpa em franc\u00eas em situa\u00e7\u00f5es de neg\u00f3cios<\/h2>\n<p>Em situa\u00e7\u00f5es de neg\u00f3cios, a express\u00e3o <i>Je suis d\u00e9sol\u00e9<\/i>\u00a0pode ser usada para se desculpar por erros ou mal-entendidos. Alguns exemplos s\u00e3o:<\/p>\n<ul>\n<li><i>&#8220;Je suis d\u00e9sol\u00e9 pour le retard dans la livraison.&#8221;<\/i> (Desculpe pelo atraso na entrega.)<\/li>\n<li><i>&#8220;Je suis d\u00e9sol\u00e9, mais nous avons fait une erreur dans la facturation.&#8221;<\/i> (Desculpe, mas cometemos um erro na fatura\u00e7\u00e3o.)<\/li>\n<li><i>&#8220;Je suis d\u00e9sol\u00e9, l&#8217;article que vous cherchez est \u00e9puis\u00e9.&#8221;<\/i> (Desculpe, o item que voc\u00ea est\u00e1 procurando est\u00e1 esgotado.)<\/li>\n<li><i>&#8220;Je suis d\u00e9sol\u00e9, nous ne pouvons pas accorder de remise suppl\u00e9mentaire.&#8221;<\/i> (Desculpe, n\u00e3o podemos conceder um desconto adicional.)<\/li>\n<li><i>&#8220;Je suis d\u00e9sol\u00e9, nous avons d\u00fb annuler votre r\u00e9servation.&#8221;<\/i> (Desculpe, tivemos que cancelar sua reserva.)<\/li>\n<\/ul>\n<h2>Varia\u00e7\u00f5es de desculpa em franc\u00eas<\/h2>\n<p>A express\u00e3o desculpa em franc\u00eas pode ter diferentes usos e varia\u00e7\u00f5es. No franc\u00eas, desculpa pode ser traduzido como <em>pardon<\/em> ou <em>excusez-moi<\/em>. Mas como usar corretamente essa express\u00e3o? Vamos explorar isso com mais detalhes.<\/p>\n<ul>\n<li><i>Pardon, je suis en retard<\/i> (Desculpa, estou atrasado)<\/li>\n<li><i>Excusez-moi, je ne comprends pas<\/i> (Desculpa, eu n\u00e3o entendo)<\/li>\n<li><i>Pardon, pouvez-vous r\u00e9p\u00e9ter?<\/i> (Desculpa, voc\u00ea pode repetir?)<\/li>\n<li><i>Excusez-moi, je dois partir<\/i> (Desculpa, eu preciso ir)<\/li>\n<li><i>Pardon, je n&#8217;ai pas entendu<\/i> (Desculpa, eu n\u00e3o ouvi)<\/li>\n<\/ul>\n<h2>Perguntas Frequentes<\/h2>\n<h3>1. Posso usar &#8220;Je suis d\u00e9sol\u00e9&#8221; em qualquer situa\u00e7\u00e3o?<\/h3>\n<p>Sim, a express\u00e3o <em>Je suis d\u00e9sol\u00e9<\/em> \u00e9 bastante vers\u00e1til e pode ser usada em uma ampla gama de situa\u00e7\u00f5es, desde situa\u00e7\u00f5es informais at\u00e9 contextos mais formais ou profissionais.<\/p>\n<p>No entanto, \u00e9 importante lembrar que existem outras express\u00f5es em franc\u00eas que tamb\u00e9m podem ser usadas para pedir desculpas ou expressar arrependimento, e a escolha da express\u00e3o mais adequada depender\u00e1 do contexto.<\/p>\n<h3>2. Existe uma forma mais informal de dizer &#8220;desculpa em franc\u00eas&#8221;?<\/h3>\n<p>Sim, em um contexto mais informal, a express\u00e3o <em>Je suis d\u00e9sol\u00e9<\/em> pode ser abreviada para <em>D\u00e9sol\u00e9<\/em>. Isso \u00e9 comumente usado entre amigos ou em situa\u00e7\u00f5es menos formais. Al\u00e9m disso, as express\u00f5es &#8220;pardon&#8221; e &#8220;excusez-moi&#8221; tamb\u00e9m podem ser usadas em contextos informais.<\/p>\n<h3>3. \u00c9 poss\u00edvel expressar um pedido de desculpas mais sincero ou profundo em franc\u00eas?<\/h3>\n<p>Sim, o franc\u00eas oferece v\u00e1rias varia\u00e7\u00f5es da express\u00e3o <em>Je suis d\u00e9sol\u00e9<\/em>\u00a0que podem ser usadas para expressar desculpas mais sinceras ou profundas. Por exemplo, <em>&#8220;Je suis vraiment d\u00e9sol\u00e9&#8221;<\/em> (Eu realmente sinto muito), <em>&#8220;Je suis sinc\u00e8rement d\u00e9sol\u00e9&#8221;<\/em> (Eu sinceramente sinto muito), <em>&#8220;Je suis profond\u00e9ment d\u00e9sol\u00e9&#8221;<\/em> (Eu profundamente sinto muito), entre outros.<\/p>\n<h2>Conclus\u00e3o<\/h2>\n<p>Aprender a dizer desculpa em franc\u00eas n\u00e3o \u00e9 apenas \u00fatil, mas tamb\u00e9m essencial para qualquer um que deseje se comunicar efetivamente em franc\u00eas. Seja em contextos formais, informais, situa\u00e7\u00f5es cotidianas ou de neg\u00f3cios, saber como pedir desculpas corretamente pode ajudar a evitar mal-entendidos e a construir rela\u00e7\u00f5es mais positivas.<\/p>\n<p>Este artigo abordou v\u00e1rias formas de dizer desculpa em franc\u00eas, desde a express\u00e3o b\u00e1sica <em>Je suis d\u00e9sol\u00e9<\/em>, at\u00e9 varia\u00e7\u00f5es mais sinceras e profundas. Tamb\u00e9m exploramos como usar essas express\u00f5es em diferentes contextos e oferecemos diversos exemplos para ilustrar seu uso.<\/p>\n<p>Esperamos que este guia tenha ajudado a esclarecer como usar a express\u00e3o desculpa em franc\u00eas e que ele sirva como um recurso \u00fatil para aprimorar suas habilidades de comunica\u00e7\u00e3o em franc\u00eas.<\/p>\n<p>Agora que voc\u00ea aprendeu o que estava buscando, aproveite para conhecer o <a href=\"https:\/\/fluency.io\/br\/cursos\/frances\/\" target=\"_blank\" rel=\"noopener\">curso de franc\u00eas<\/a> da maior escola de idiomas do mundo. Estude com os professores mais amados da internet com b\u00f4nus exclusivos.<\/p>\n","protected":false},"excerpt":{"rendered":"<p>&#8216;Je suis d\u00e9sol\u00e9&#8217; \u00e9 a forma b\u00e1sica de se pedir desculpa em franc\u00eas. Explore  em nosso conte\u00fado seus usos e varia\u00e7\u00f5es em diversos contextos. Aprenda a se desculpar com a autenticidade e desenvoltura de um nativo!<\/p>\n","protected":false},"author":6,"featured_media":60250,"comment_status":"open","ping_status":"open","sticky":false,"template":"","format":[184],"meta":{"inline_featured_image":false,"footnotes":""},"categories":[164,162],"tags":[],"trilha":[],"class_list":["post-60249","post","type-post","status-publish","format-standard","has-post-thumbnail","hentry","category-dia-a-dia","category-expressao","format-videos"],"acf":[],"yoast_head":"<!-- This site is optimized with the Yoast SEO plugin v26.6 - https:\/\/yoast.com\/wordpress\/plugins\/seo\/ -->\n<title>Como dizer Desculpa e Foi Mal em Franc\u00eas<\/title>\n<meta name=\"description\" content=\"J\u00e1 ficou naquela d\u00favida em como dizer Desculpa em franc\u00eas? Seja de maneira formal, ou como a g\u00edria &quot;foi mal&quot;, descubra como falar aqui!\" \/>\n<meta name=\"robots\" content=\"index, follow, max-snippet:-1, max-image-preview:large, max-video-preview:-1\" \/>\n<link rel=\"canonical\" href=\"https:\/\/fluency.io\/br\/blog\/como-dizer-foi-mal-em-frances\/\" \/>\n<meta property=\"og:locale\" content=\"pt_BR\" \/>\n<meta property=\"og:type\" content=\"article\" \/>\n<meta property=\"og:title\" content=\"Como dizer Desculpa e Foi Mal em Franc\u00eas\" \/>\n<meta property=\"og:description\" content=\"J\u00e1 ficou naquela d\u00favida em como dizer Desculpa em franc\u00eas? Seja de maneira formal, ou como a g\u00edria &quot;foi mal&quot;, descubra como falar aqui!\" \/>\n<meta property=\"og:url\" content=\"https:\/\/fluency.io\/br\/blog\/como-dizer-foi-mal-em-frances\/\" \/>\n<meta property=\"og:site_name\" content=\"Fluency.io Brasil\" \/>\n<meta property=\"article:published_time\" content=\"2022-05-09T12:52:00+00:00\" \/>\n<meta property=\"article:modified_time\" content=\"2024-08-26T14:01:46+00:00\" \/>\n<meta property=\"og:image\" content=\"https:\/\/fluency.io\/br\/wp-content\/uploads\/sites\/3\/2023\/12\/5ede84974bb6f001cceb80f2_foi-mal.jpg\" \/>\n\t<meta property=\"og:image:width\" content=\"1920\" \/>\n\t<meta property=\"og:image:height\" content=\"1080\" \/>\n\t<meta property=\"og:image:type\" content=\"image\/jpeg\" \/>\n<meta name=\"twitter:card\" content=\"summary_large_image\" \/>\n<meta name=\"twitter:label1\" content=\"Escrito por\" \/>\n\t<meta name=\"twitter:data1\" content=\"marcelo\" \/>\n\t<meta name=\"twitter:label2\" content=\"Est. tempo de leitura\" \/>\n\t<meta name=\"twitter:data2\" content=\"6 minutos\" \/>\n<script type=\"application\/ld+json\" class=\"yoast-schema-graph\">{\"@context\":\"https:\/\/schema.org\",\"@graph\":[{\"@type\":\"WebPage\",\"@id\":\"https:\/\/fluency.io\/br\/blog\/como-dizer-foi-mal-em-frances\/\",\"url\":\"https:\/\/fluency.io\/br\/blog\/como-dizer-foi-mal-em-frances\/\",\"name\":\"Como dizer Desculpa e Foi Mal em Franc\u00eas\",\"isPartOf\":{\"@id\":\"https:\/\/fluency.io\/br\/#website\"},\"primaryImageOfPage\":{\"@id\":\"https:\/\/fluency.io\/br\/blog\/como-dizer-foi-mal-em-frances\/#primaryimage\"},\"image\":{\"@id\":\"https:\/\/fluency.io\/br\/blog\/como-dizer-foi-mal-em-frances\/#primaryimage\"},\"thumbnailUrl\":\"https:\/\/fluency.io\/br\/wp-content\/uploads\/sites\/3\/2023\/12\/5ede84974bb6f001cceb80f2_foi-mal.jpg\",\"datePublished\":\"2022-05-09T12:52:00+00:00\",\"dateModified\":\"2024-08-26T14:01:46+00:00\",\"author\":{\"@id\":\"https:\/\/fluency.io\/br\/#\/schema\/person\/395d83f1006a72bd4912230eea50ff6f\"},\"description\":\"J\u00e1 ficou naquela d\u00favida em como dizer Desculpa em franc\u00eas? Seja de maneira formal, ou como a g\u00edria \\\"foi mal\\\", descubra como falar aqui!\",\"breadcrumb\":{\"@id\":\"https:\/\/fluency.io\/br\/blog\/como-dizer-foi-mal-em-frances\/#breadcrumb\"},\"inLanguage\":\"pt-BR\",\"potentialAction\":[{\"@type\":\"ReadAction\",\"target\":[\"https:\/\/fluency.io\/br\/blog\/como-dizer-foi-mal-em-frances\/\"]}]},{\"@type\":\"ImageObject\",\"inLanguage\":\"pt-BR\",\"@id\":\"https:\/\/fluency.io\/br\/blog\/como-dizer-foi-mal-em-frances\/#primaryimage\",\"url\":\"https:\/\/fluency.io\/br\/wp-content\/uploads\/sites\/3\/2023\/12\/5ede84974bb6f001cceb80f2_foi-mal.jpg\",\"contentUrl\":\"https:\/\/fluency.io\/br\/wp-content\/uploads\/sites\/3\/2023\/12\/5ede84974bb6f001cceb80f2_foi-mal.jpg\",\"width\":1920,\"height\":1080,\"caption\":\"Como dizer \\\"desculpa\\\" e \\\"foi mal\\\" em franc\u00eas\"},{\"@type\":\"BreadcrumbList\",\"@id\":\"https:\/\/fluency.io\/br\/blog\/como-dizer-foi-mal-em-frances\/#breadcrumb\",\"itemListElement\":[{\"@type\":\"ListItem\",\"position\":1,\"name\":\"Home\",\"item\":\"https:\/\/fluency.io\/br\/\"},{\"@type\":\"ListItem\",\"position\":2,\"name\":\"Como dizer Desculpa e Foi Mal em Franc\u00eas?\"}]},{\"@type\":\"WebSite\",\"@id\":\"https:\/\/fluency.io\/br\/#website\",\"url\":\"https:\/\/fluency.io\/br\/\",\"name\":\"Fluency Academy\",\"description\":\"\",\"potentialAction\":[{\"@type\":\"SearchAction\",\"target\":{\"@type\":\"EntryPoint\",\"urlTemplate\":\"https:\/\/fluency.io\/br\/?s={search_term_string}\"},\"query-input\":{\"@type\":\"PropertyValueSpecification\",\"valueRequired\":true,\"valueName\":\"search_term_string\"}}],\"inLanguage\":\"pt-BR\"},{\"@type\":\"Person\",\"@id\":\"https:\/\/fluency.io\/br\/#\/schema\/person\/395d83f1006a72bd4912230eea50ff6f\",\"name\":\"marcelo\",\"image\":{\"@type\":\"ImageObject\",\"inLanguage\":\"pt-BR\",\"@id\":\"https:\/\/fluency.io\/br\/#\/schema\/person\/image\/\",\"url\":\"https:\/\/secure.gravatar.com\/avatar\/9050681441880d21ef4048d38965a107dc5b77bf302f57fa3939973bdafa41d8?s=96&d=mm&r=g\",\"contentUrl\":\"https:\/\/secure.gravatar.com\/avatar\/9050681441880d21ef4048d38965a107dc5b77bf302f57fa3939973bdafa41d8?s=96&d=mm&r=g\",\"caption\":\"marcelo\"}}]}<\/script>\n<!-- \/ Yoast SEO plugin. -->","yoast_head_json":{"title":"Como dizer Desculpa e Foi Mal em Franc\u00eas","description":"J\u00e1 ficou naquela d\u00favida em como dizer Desculpa em franc\u00eas? Seja de maneira formal, ou como a g\u00edria \"foi mal\", descubra como falar aqui!","robots":{"index":"index","follow":"follow","max-snippet":"max-snippet:-1","max-image-preview":"max-image-preview:large","max-video-preview":"max-video-preview:-1"},"canonical":"https:\/\/fluency.io\/br\/blog\/como-dizer-foi-mal-em-frances\/","og_locale":"pt_BR","og_type":"article","og_title":"Como dizer Desculpa e Foi Mal em Franc\u00eas","og_description":"J\u00e1 ficou naquela d\u00favida em como dizer Desculpa em franc\u00eas? Seja de maneira formal, ou como a g\u00edria \"foi mal\", descubra como falar aqui!","og_url":"https:\/\/fluency.io\/br\/blog\/como-dizer-foi-mal-em-frances\/","og_site_name":"Fluency.io Brasil","article_published_time":"2022-05-09T12:52:00+00:00","article_modified_time":"2024-08-26T14:01:46+00:00","og_image":[{"width":1920,"height":1080,"url":"https:\/\/fluency.io\/br\/wp-content\/uploads\/sites\/3\/2023\/12\/5ede84974bb6f001cceb80f2_foi-mal.jpg","type":"image\/jpeg"}],"twitter_card":"summary_large_image","twitter_misc":{"Escrito por":"marcelo","Est. tempo de leitura":"6 minutos"},"schema":{"@context":"https:\/\/schema.org","@graph":[{"@type":"WebPage","@id":"https:\/\/fluency.io\/br\/blog\/como-dizer-foi-mal-em-frances\/","url":"https:\/\/fluency.io\/br\/blog\/como-dizer-foi-mal-em-frances\/","name":"Como dizer Desculpa e Foi Mal em Franc\u00eas","isPartOf":{"@id":"https:\/\/fluency.io\/br\/#website"},"primaryImageOfPage":{"@id":"https:\/\/fluency.io\/br\/blog\/como-dizer-foi-mal-em-frances\/#primaryimage"},"image":{"@id":"https:\/\/fluency.io\/br\/blog\/como-dizer-foi-mal-em-frances\/#primaryimage"},"thumbnailUrl":"https:\/\/fluency.io\/br\/wp-content\/uploads\/sites\/3\/2023\/12\/5ede84974bb6f001cceb80f2_foi-mal.jpg","datePublished":"2022-05-09T12:52:00+00:00","dateModified":"2024-08-26T14:01:46+00:00","author":{"@id":"https:\/\/fluency.io\/br\/#\/schema\/person\/395d83f1006a72bd4912230eea50ff6f"},"description":"J\u00e1 ficou naquela d\u00favida em como dizer Desculpa em franc\u00eas? Seja de maneira formal, ou como a g\u00edria \"foi mal\", descubra como falar aqui!","breadcrumb":{"@id":"https:\/\/fluency.io\/br\/blog\/como-dizer-foi-mal-em-frances\/#breadcrumb"},"inLanguage":"pt-BR","potentialAction":[{"@type":"ReadAction","target":["https:\/\/fluency.io\/br\/blog\/como-dizer-foi-mal-em-frances\/"]}]},{"@type":"ImageObject","inLanguage":"pt-BR","@id":"https:\/\/fluency.io\/br\/blog\/como-dizer-foi-mal-em-frances\/#primaryimage","url":"https:\/\/fluency.io\/br\/wp-content\/uploads\/sites\/3\/2023\/12\/5ede84974bb6f001cceb80f2_foi-mal.jpg","contentUrl":"https:\/\/fluency.io\/br\/wp-content\/uploads\/sites\/3\/2023\/12\/5ede84974bb6f001cceb80f2_foi-mal.jpg","width":1920,"height":1080,"caption":"Como dizer \"desculpa\" e \"foi mal\" em franc\u00eas"},{"@type":"BreadcrumbList","@id":"https:\/\/fluency.io\/br\/blog\/como-dizer-foi-mal-em-frances\/#breadcrumb","itemListElement":[{"@type":"ListItem","position":1,"name":"Home","item":"https:\/\/fluency.io\/br\/"},{"@type":"ListItem","position":2,"name":"Como dizer Desculpa e Foi Mal em Franc\u00eas?"}]},{"@type":"WebSite","@id":"https:\/\/fluency.io\/br\/#website","url":"https:\/\/fluency.io\/br\/","name":"Fluency Academy","description":"","potentialAction":[{"@type":"SearchAction","target":{"@type":"EntryPoint","urlTemplate":"https:\/\/fluency.io\/br\/?s={search_term_string}"},"query-input":{"@type":"PropertyValueSpecification","valueRequired":true,"valueName":"search_term_string"}}],"inLanguage":"pt-BR"},{"@type":"Person","@id":"https:\/\/fluency.io\/br\/#\/schema\/person\/395d83f1006a72bd4912230eea50ff6f","name":"marcelo","image":{"@type":"ImageObject","inLanguage":"pt-BR","@id":"https:\/\/fluency.io\/br\/#\/schema\/person\/image\/","url":"https:\/\/secure.gravatar.com\/avatar\/9050681441880d21ef4048d38965a107dc5b77bf302f57fa3939973bdafa41d8?s=96&d=mm&r=g","contentUrl":"https:\/\/secure.gravatar.com\/avatar\/9050681441880d21ef4048d38965a107dc5b77bf302f57fa3939973bdafa41d8?s=96&d=mm&r=g","caption":"marcelo"}}]}},"_links":{"self":[{"href":"https:\/\/fluency.io\/br\/wp-json\/wp\/v2\/posts\/60249","targetHints":{"allow":["GET"]}}],"collection":[{"href":"https:\/\/fluency.io\/br\/wp-json\/wp\/v2\/posts"}],"about":[{"href":"https:\/\/fluency.io\/br\/wp-json\/wp\/v2\/types\/post"}],"author":[{"embeddable":true,"href":"https:\/\/fluency.io\/br\/wp-json\/wp\/v2\/users\/6"}],"replies":[{"embeddable":true,"href":"https:\/\/fluency.io\/br\/wp-json\/wp\/v2\/comments?post=60249"}],"version-history":[{"count":3,"href":"https:\/\/fluency.io\/br\/wp-json\/wp\/v2\/posts\/60249\/revisions"}],"predecessor-version":[{"id":74772,"href":"https:\/\/fluency.io\/br\/wp-json\/wp\/v2\/posts\/60249\/revisions\/74772"}],"wp:featuredmedia":[{"embeddable":true,"href":"https:\/\/fluency.io\/br\/wp-json\/wp\/v2\/media\/60250"}],"wp:attachment":[{"href":"https:\/\/fluency.io\/br\/wp-json\/wp\/v2\/media?parent=60249"}],"wp:term":[{"taxonomy":"category","embeddable":true,"href":"https:\/\/fluency.io\/br\/wp-json\/wp\/v2\/categories?post=60249"},{"taxonomy":"post_tag","embeddable":true,"href":"https:\/\/fluency.io\/br\/wp-json\/wp\/v2\/tags?post=60249"},{"taxonomy":"format","embeddable":true,"href":"https:\/\/fluency.io\/br\/wp-json\/wp\/v2\/format?post=60249"},{"taxonomy":"trilha","embeddable":true,"href":"https:\/\/fluency.io\/br\/wp-json\/wp\/v2\/trilha?post=60249"}],"curies":[{"name":"wp","href":"https:\/\/api.w.org\/{rel}","templated":true}]}}