{"id":61505,"date":"2022-06-29T17:31:00","date_gmt":"2022-06-29T17:31:00","guid":{"rendered":"https:\/\/fluency.io\/br\/blog\/walk-n-talk-espanhol-25-voce-falou-com-a-julia-ontem\/"},"modified":"2025-03-09T12:01:13","modified_gmt":"2025-03-09T15:01:13","slug":"walk-n-talk-espanhol-25-voce-falou-com-a-julia-ontem","status":"publish","type":"post","link":"https:\/\/fluency.io\/br\/blog\/walk-n-talk-espanhol-25-voce-falou-com-a-julia-ontem\/","title":{"rendered":"Walk &#8216;n&#8217; Talk Espanhol #25 voce falou com a julia ontem"},"content":{"rendered":"<p data-pm-slice=\"0 0 []\">\u00a1Hola! \u00bfC\u00f3mo est\u00e1s?<\/p>\n<p>Bem-vindo ao Walk \u2018n\u2019 Talk Essentials Espanhol, sua ferramenta pr\u00e1tica para aprender espanhol de maneira intuitiva e eficiente! No epis\u00f3dio de hoje, acompanhamos uma conversa entre dois amigos sobre um mist\u00e9rio: <strong>por que eles n\u00e3o conseguem falar com a J\u00falia?<\/strong> Ser\u00e1 que algo aconteceu? Al\u00e9m de desvendar essa hist\u00f3ria, voc\u00ea tamb\u00e9m vai <strong>aprender a conjugar verbos regulares no passado e aperfei\u00e7oar sua pron\u00fancia em espanhol<\/strong>.<\/p>\n<p>O principal objetivo do Walk \u2018n\u2019 Talk \u00e9 fazer com que voc\u00ea <strong>pratique ativamente o idioma<\/strong>. Por isso, n\u00e3o basta apenas ouvir: <strong>repita cada exemplo em voz alta<\/strong> para refor\u00e7ar a memoriza\u00e7\u00e3o e melhorar sua flu\u00eancia.<\/p>\n<h2>Expans\u00e3o de Vocabul\u00e1rio<\/h2>\n<p>Aqui est\u00e3o alguns verbos regulares no passado simples:<\/p>\n<table>\n<tbody>\n<tr>\n<th><strong>Infinitivo<\/strong><\/th>\n<th><strong>Passado Simples (yo)<\/strong><\/th>\n<th><strong>Exemplo em Espanhol<\/strong><\/th>\n<th><strong>Tradu\u00e7\u00e3o<\/strong><\/th>\n<\/tr>\n<tr>\n<td>Hablar (Falar)<\/td>\n<td>Habl\u00e9<\/td>\n<td>Ayer hab\u00e9 con Julia.<\/td>\n<td>Ontem falei com a J\u00falia.<\/td>\n<\/tr>\n<tr>\n<td>Comer (Comer)<\/td>\n<td>Com\u00ed<\/td>\n<td>Anoche com\u00ed una pizza.<\/td>\n<td>Ontem \u00e0 noite comi uma pizza.<\/td>\n<\/tr>\n<tr>\n<td>Vivir (Viver)<\/td>\n<td>Viv\u00ed<\/td>\n<td>Viv\u00ed en Madrid por tres a\u00f1os.<\/td>\n<td>Morei em Madri por tr\u00eas anos.<\/td>\n<\/tr>\n<tr>\n<td>Llamar (Chamar\/Ligar)<\/td>\n<td>Llam\u00e9<\/td>\n<td>Llam\u00e9 a Julia pero no contest\u00f3.<\/td>\n<td>Liguei para a J\u00falia, mas ela n\u00e3o atendeu.<\/td>\n<\/tr>\n<tr>\n<td>Llegar (Chegar)<\/td>\n<td>Llegu\u00e9<\/td>\n<td>Llegu\u00e9 tarde al trabajo.<\/td>\n<td>Cheguei tarde ao trabalho.<\/td>\n<\/tr>\n<tr>\n<td>Preguntar (Perguntar)<\/td>\n<td>Pregunt\u00e9<\/td>\n<td>Le pregunt\u00e9 a mi amigo sobre el misterio.<\/td>\n<td>Perguntei ao meu amigo sobre o mist\u00e9rio.<\/td>\n<\/tr>\n<\/tbody>\n<\/table>\n<p>Agora, pratique repetindo essas frases em voz alta!<\/p>\n<h2>Exerc\u00edcios para praticar<\/h2>\n<p>1\ufe0f\u20e3 Complete as frases com os verbos conjugados corretamente:<\/p>\n<p>a) Ayer ___________ (hablar) con mi madre por tel\u00e9fono.<br \/>\nb) Nosotros ___________ (comer) en un restaurante italiano.<br \/>\nc) \u00c9l ___________ (vivir) en Barcelona durante dos a\u00f1os.<\/p>\n<p>d) Julia no ___________ (contestar) mi mensaje.<\/p>\n<p>e) Yo ___________ (llegar) temprano al trabajo hoy.<\/p>\n<p>2\ufe0f\u20e3 Traduza as frases para o espanhol:<\/p>\n<p>a) Ontem falei com meu irm\u00e3o.<br \/>\nb) Voc\u00eas moraram na Argentina por cinco anos.<br \/>\nc) Chegamos cedo na festa.<\/p>\n<p>d) Eles perguntaram sobre voc\u00ea.<\/p>\n<p>e) Comi um sandu\u00edche no caf\u00e9 da manh\u00e3.<\/p>\n<p>3\ufe0f\u20e3 Crie uma frase em espanhol usando um dos verbos aprendidos.<\/p>\n<h2>Respostas<\/h2>\n<p>1\ufe0f\u20e3 Complete as frases com os verbos conjugados corretamente:<\/p>\n<p>a) Ayer <strong>habl\u00e9<\/strong> con mi madre por tel\u00e9fono.<br \/>\nb) Nosotros <strong>comimos<\/strong> en un restaurante italiano.<br \/>\nc) \u00c9l <strong>vivi\u00f3<\/strong> en Barcelona durante dos a\u00f1os.<\/p>\n<p>d) Julia no <strong>contest\u00f3<\/strong> mi mensaje.<\/p>\n<p>e) Yo <strong>llegu\u00e9<\/strong> temprano al trabajo hoy.<\/p>\n<p>2\ufe0f\u20e3 Traduza as frases para o espanhol:<\/p>\n<p>a) Ayer <strong>habl\u00e9<\/strong> con mi hermano.<br \/>\nb) Ustedes <strong>vivieron<\/strong> en Argentina por cinco a\u00f1os.<br \/>\nc) <strong>Llegamos<\/strong> temprano a la fiesta.<\/p>\n<p>d) Ellos <strong>preguntaron<\/strong> por ti.<\/p>\n<p>e) <strong>Com\u00ed<\/strong> un s\u00e1ndwich en el desayuno.<\/p>\n<p>3\ufe0f\u20e3 Resposta livre.<\/p>\n<h2>Dicas para aproveitar melhor o epis\u00f3dio<\/h2>\n<ul data-spread=\"false\">\n<li><strong>Escute atentamente o di\u00e1logo<\/strong> e tente entender o contexto antes da explica\u00e7\u00e3o.<\/li>\n<li><strong>Repita em voz alta<\/strong> todas as frases e express\u00f5es para treinar sua pron\u00fancia.<\/li>\n<li><strong>Preste aten\u00e7\u00e3o na conjuga\u00e7\u00e3o dos verbos<\/strong> e tente criar suas pr\u00f3prias frases com eles.<\/li>\n<li><strong>Ou\u00e7a mais de uma vez<\/strong>, pois a repeti\u00e7\u00e3o ajuda na assimila\u00e7\u00e3o do conte\u00fado.<\/li>\n<\/ul>\n<p>Agora que voc\u00ea j\u00e1 aprendeu como usar os verbos regulares no passado, que tal praticar mais? Nos vemos no pr\u00f3ximo epis\u00f3dio, \u00a1hasta luego! \ud83c\udf1f<\/p>\n<h2>FAQ \u2013 Perguntas Frequentes<\/h2>\n<p>1\ufe0f\u20e3 <strong>Preciso de conhecimento pr\u00e9vio em espanhol para acompanhar?<\/strong><br \/>\nN\u00e3o! Os epis\u00f3dios s\u00e3o did\u00e1ticos e adequados para iniciantes e alunos de n\u00edvel intermedi\u00e1rio que querem aprimorar o idioma.<\/p>\n<p>2\ufe0f\u20e3 <strong>Como os epis\u00f3dios ajudam a melhorar minha pron\u00fancia?<\/strong><br \/>\nCada epis\u00f3dio traz di\u00e1logos nativos, explica\u00e7\u00f5es detalhadas sobre a pron\u00fancia de sons espec\u00edficos e exerc\u00edcios de repeti\u00e7\u00e3o para aperfei\u00e7oar a fala.<\/p>\n<p>3\ufe0f\u20e3 <strong>Posso aprender gram\u00e1tica ouvindo os \u00e1udios?<\/strong><br \/>\nSim! Os epis\u00f3dios abordam diferentes tempos verbais e estruturas da l\u00edngua espanhola de forma natural e aplicada em di\u00e1logos reais.<\/p>\n<p data-start=\"2769\" data-end=\"2929\">\n<p>Curtiu o conte\u00fado? Confira o<a href=\"https:\/\/fluency.io\/br\/cursos\/espanhol\/\"> curso de espanhol<\/a> completo e veja as ofertas exclusivas para alunos aqui do portal. <b>\ud83d\udcda<\/b><\/p>\n<p><i>\u00a1Nos vemos en el pr\u00f3ximo episodio! Un besito \ud83d\ude18<\/i><\/p>\n","protected":false},"excerpt":{"rendered":"<p>Voc\u00ea sabe como falar sobre o passado em espanhol? Aprenda hoje com este epis\u00f3dio do nosso podcast!<\/p>\n","protected":false},"author":6,"featured_media":61506,"comment_status":"open","ping_status":"open","sticky":false,"template":"","format":[183],"meta":{"inline_featured_image":false,"footnotes":""},"categories":[160],"tags":[],"trilha":[],"class_list":["post-61505","post","type-post","status-publish","format-standard","has-post-thumbnail","hentry","category-gramatica","tipo-podcast-essentials","tipo-podcast-walk-n-talk","format-podcast"],"acf":[],"yoast_head":"<!-- This site is optimized with the Yoast SEO plugin v26.6 - https:\/\/yoast.com\/wordpress\/plugins\/seo\/ -->\n<title>Walk &#039;n&#039; Talk Espanhol #25 voce falou com a julia ontem<\/title>\n<meta name=\"description\" content=\"Voc\u00ea sabe como falar sobre o passado em espanhol? Aprenda hoje com este epis\u00f3dio do nosso podcast!\" \/>\n<meta name=\"robots\" content=\"index, follow, max-snippet:-1, max-image-preview:large, max-video-preview:-1\" \/>\n<link rel=\"canonical\" href=\"https:\/\/fluency.io\/br\/blog\/walk-n-talk-espanhol-25-voce-falou-com-a-julia-ontem\/\" \/>\n<meta property=\"og:locale\" content=\"pt_BR\" \/>\n<meta property=\"og:type\" content=\"article\" \/>\n<meta property=\"og:title\" content=\"Walk &#039;n&#039; Talk Espanhol #25 voce falou com a julia ontem\" \/>\n<meta property=\"og:description\" content=\"Voc\u00ea sabe como falar sobre o passado em espanhol? Aprenda hoje com este epis\u00f3dio do nosso podcast!\" \/>\n<meta property=\"og:url\" content=\"https:\/\/fluency.io\/br\/blog\/walk-n-talk-espanhol-25-voce-falou-com-a-julia-ontem\/\" \/>\n<meta property=\"og:site_name\" content=\"Fluency.io Brasil\" \/>\n<meta property=\"article:published_time\" content=\"2022-06-29T17:31:00+00:00\" \/>\n<meta property=\"article:modified_time\" content=\"2025-03-09T15:01:13+00:00\" \/>\n<meta property=\"og:image\" content=\"https:\/\/fluency.io\/br\/wp-content\/uploads\/sites\/3\/2023\/12\/5f2b3d563e7f8b3dcef75505_ESP-Walk-\u2018n-Talk-Espanhol-Essentials-25-Voce-falou-com-a-Julia-ontem-_THUMB-PORTAL-1.jpg\" \/>\n\t<meta property=\"og:image:width\" content=\"1210\" \/>\n\t<meta property=\"og:image:height\" content=\"680\" \/>\n\t<meta property=\"og:image:type\" content=\"image\/jpeg\" \/>\n<meta name=\"twitter:card\" content=\"summary_large_image\" \/>\n<meta name=\"twitter:label1\" content=\"Escrito por\" \/>\n\t<meta name=\"twitter:data1\" content=\"marcelo\" \/>\n\t<meta name=\"twitter:label2\" content=\"Est. tempo de leitura\" \/>\n\t<meta name=\"twitter:data2\" content=\"4 minutos\" \/>\n<script type=\"application\/ld+json\" class=\"yoast-schema-graph\">{\"@context\":\"https:\/\/schema.org\",\"@graph\":[{\"@type\":\"WebPage\",\"@id\":\"https:\/\/fluency.io\/br\/blog\/walk-n-talk-espanhol-25-voce-falou-com-a-julia-ontem\/\",\"url\":\"https:\/\/fluency.io\/br\/blog\/walk-n-talk-espanhol-25-voce-falou-com-a-julia-ontem\/\",\"name\":\"Walk 'n' Talk Espanhol #25 voce falou com a julia ontem\",\"isPartOf\":{\"@id\":\"https:\/\/fluency.io\/br\/#website\"},\"primaryImageOfPage\":{\"@id\":\"https:\/\/fluency.io\/br\/blog\/walk-n-talk-espanhol-25-voce-falou-com-a-julia-ontem\/#primaryimage\"},\"image\":{\"@id\":\"https:\/\/fluency.io\/br\/blog\/walk-n-talk-espanhol-25-voce-falou-com-a-julia-ontem\/#primaryimage\"},\"thumbnailUrl\":\"https:\/\/fluency.io\/br\/wp-content\/uploads\/sites\/3\/2023\/12\/5f2b3d563e7f8b3dcef75505_ESP-Walk-\u2018n-Talk-Espanhol-Essentials-25-Voce-falou-com-a-Julia-ontem-_THUMB-PORTAL-1.jpg\",\"datePublished\":\"2022-06-29T17:31:00+00:00\",\"dateModified\":\"2025-03-09T15:01:13+00:00\",\"author\":{\"@id\":\"https:\/\/fluency.io\/br\/#\/schema\/person\/395d83f1006a72bd4912230eea50ff6f\"},\"description\":\"Voc\u00ea sabe como falar sobre o passado em espanhol? Aprenda hoje com este epis\u00f3dio do nosso podcast!\",\"breadcrumb\":{\"@id\":\"https:\/\/fluency.io\/br\/blog\/walk-n-talk-espanhol-25-voce-falou-com-a-julia-ontem\/#breadcrumb\"},\"inLanguage\":\"pt-BR\",\"potentialAction\":[{\"@type\":\"ReadAction\",\"target\":[\"https:\/\/fluency.io\/br\/blog\/walk-n-talk-espanhol-25-voce-falou-com-a-julia-ontem\/\"]}]},{\"@type\":\"ImageObject\",\"inLanguage\":\"pt-BR\",\"@id\":\"https:\/\/fluency.io\/br\/blog\/walk-n-talk-espanhol-25-voce-falou-com-a-julia-ontem\/#primaryimage\",\"url\":\"https:\/\/fluency.io\/br\/wp-content\/uploads\/sites\/3\/2023\/12\/5f2b3d563e7f8b3dcef75505_ESP-Walk-\u2018n-Talk-Espanhol-Essentials-25-Voce-falou-com-a-Julia-ontem-_THUMB-PORTAL-1.jpg\",\"contentUrl\":\"https:\/\/fluency.io\/br\/wp-content\/uploads\/sites\/3\/2023\/12\/5f2b3d563e7f8b3dcef75505_ESP-Walk-\u2018n-Talk-Espanhol-Essentials-25-Voce-falou-com-a-Julia-ontem-_THUMB-PORTAL-1.jpg\",\"width\":1210,\"height\":680,\"caption\":\"fluency-academy\"},{\"@type\":\"BreadcrumbList\",\"@id\":\"https:\/\/fluency.io\/br\/blog\/walk-n-talk-espanhol-25-voce-falou-com-a-julia-ontem\/#breadcrumb\",\"itemListElement\":[{\"@type\":\"ListItem\",\"position\":1,\"name\":\"Home\",\"item\":\"https:\/\/fluency.io\/br\/\"},{\"@type\":\"ListItem\",\"position\":2,\"name\":\"Walk &#8216;n&#8217; Talk Espanhol #25 voce falou com a julia ontem\"}]},{\"@type\":\"WebSite\",\"@id\":\"https:\/\/fluency.io\/br\/#website\",\"url\":\"https:\/\/fluency.io\/br\/\",\"name\":\"Fluency Academy\",\"description\":\"\",\"potentialAction\":[{\"@type\":\"SearchAction\",\"target\":{\"@type\":\"EntryPoint\",\"urlTemplate\":\"https:\/\/fluency.io\/br\/?s={search_term_string}\"},\"query-input\":{\"@type\":\"PropertyValueSpecification\",\"valueRequired\":true,\"valueName\":\"search_term_string\"}}],\"inLanguage\":\"pt-BR\"},{\"@type\":\"Person\",\"@id\":\"https:\/\/fluency.io\/br\/#\/schema\/person\/395d83f1006a72bd4912230eea50ff6f\",\"name\":\"marcelo\",\"image\":{\"@type\":\"ImageObject\",\"inLanguage\":\"pt-BR\",\"@id\":\"https:\/\/fluency.io\/br\/#\/schema\/person\/image\/\",\"url\":\"https:\/\/secure.gravatar.com\/avatar\/9050681441880d21ef4048d38965a107dc5b77bf302f57fa3939973bdafa41d8?s=96&d=mm&r=g\",\"contentUrl\":\"https:\/\/secure.gravatar.com\/avatar\/9050681441880d21ef4048d38965a107dc5b77bf302f57fa3939973bdafa41d8?s=96&d=mm&r=g\",\"caption\":\"marcelo\"}}]}<\/script>\n<!-- \/ Yoast SEO plugin. -->","yoast_head_json":{"title":"Walk 'n' Talk Espanhol #25 voce falou com a julia ontem","description":"Voc\u00ea sabe como falar sobre o passado em espanhol? Aprenda hoje com este epis\u00f3dio do nosso podcast!","robots":{"index":"index","follow":"follow","max-snippet":"max-snippet:-1","max-image-preview":"max-image-preview:large","max-video-preview":"max-video-preview:-1"},"canonical":"https:\/\/fluency.io\/br\/blog\/walk-n-talk-espanhol-25-voce-falou-com-a-julia-ontem\/","og_locale":"pt_BR","og_type":"article","og_title":"Walk 'n' Talk Espanhol #25 voce falou com a julia ontem","og_description":"Voc\u00ea sabe como falar sobre o passado em espanhol? Aprenda hoje com este epis\u00f3dio do nosso podcast!","og_url":"https:\/\/fluency.io\/br\/blog\/walk-n-talk-espanhol-25-voce-falou-com-a-julia-ontem\/","og_site_name":"Fluency.io Brasil","article_published_time":"2022-06-29T17:31:00+00:00","article_modified_time":"2025-03-09T15:01:13+00:00","og_image":[{"width":1210,"height":680,"url":"https:\/\/fluency.io\/br\/wp-content\/uploads\/sites\/3\/2023\/12\/5f2b3d563e7f8b3dcef75505_ESP-Walk-\u2018n-Talk-Espanhol-Essentials-25-Voce-falou-com-a-Julia-ontem-_THUMB-PORTAL-1.jpg","type":"image\/jpeg"}],"twitter_card":"summary_large_image","twitter_misc":{"Escrito por":"marcelo","Est. tempo de leitura":"4 minutos"},"schema":{"@context":"https:\/\/schema.org","@graph":[{"@type":"WebPage","@id":"https:\/\/fluency.io\/br\/blog\/walk-n-talk-espanhol-25-voce-falou-com-a-julia-ontem\/","url":"https:\/\/fluency.io\/br\/blog\/walk-n-talk-espanhol-25-voce-falou-com-a-julia-ontem\/","name":"Walk 'n' Talk Espanhol #25 voce falou com a julia ontem","isPartOf":{"@id":"https:\/\/fluency.io\/br\/#website"},"primaryImageOfPage":{"@id":"https:\/\/fluency.io\/br\/blog\/walk-n-talk-espanhol-25-voce-falou-com-a-julia-ontem\/#primaryimage"},"image":{"@id":"https:\/\/fluency.io\/br\/blog\/walk-n-talk-espanhol-25-voce-falou-com-a-julia-ontem\/#primaryimage"},"thumbnailUrl":"https:\/\/fluency.io\/br\/wp-content\/uploads\/sites\/3\/2023\/12\/5f2b3d563e7f8b3dcef75505_ESP-Walk-\u2018n-Talk-Espanhol-Essentials-25-Voce-falou-com-a-Julia-ontem-_THUMB-PORTAL-1.jpg","datePublished":"2022-06-29T17:31:00+00:00","dateModified":"2025-03-09T15:01:13+00:00","author":{"@id":"https:\/\/fluency.io\/br\/#\/schema\/person\/395d83f1006a72bd4912230eea50ff6f"},"description":"Voc\u00ea sabe como falar sobre o passado em espanhol? Aprenda hoje com este epis\u00f3dio do nosso podcast!","breadcrumb":{"@id":"https:\/\/fluency.io\/br\/blog\/walk-n-talk-espanhol-25-voce-falou-com-a-julia-ontem\/#breadcrumb"},"inLanguage":"pt-BR","potentialAction":[{"@type":"ReadAction","target":["https:\/\/fluency.io\/br\/blog\/walk-n-talk-espanhol-25-voce-falou-com-a-julia-ontem\/"]}]},{"@type":"ImageObject","inLanguage":"pt-BR","@id":"https:\/\/fluency.io\/br\/blog\/walk-n-talk-espanhol-25-voce-falou-com-a-julia-ontem\/#primaryimage","url":"https:\/\/fluency.io\/br\/wp-content\/uploads\/sites\/3\/2023\/12\/5f2b3d563e7f8b3dcef75505_ESP-Walk-\u2018n-Talk-Espanhol-Essentials-25-Voce-falou-com-a-Julia-ontem-_THUMB-PORTAL-1.jpg","contentUrl":"https:\/\/fluency.io\/br\/wp-content\/uploads\/sites\/3\/2023\/12\/5f2b3d563e7f8b3dcef75505_ESP-Walk-\u2018n-Talk-Espanhol-Essentials-25-Voce-falou-com-a-Julia-ontem-_THUMB-PORTAL-1.jpg","width":1210,"height":680,"caption":"fluency-academy"},{"@type":"BreadcrumbList","@id":"https:\/\/fluency.io\/br\/blog\/walk-n-talk-espanhol-25-voce-falou-com-a-julia-ontem\/#breadcrumb","itemListElement":[{"@type":"ListItem","position":1,"name":"Home","item":"https:\/\/fluency.io\/br\/"},{"@type":"ListItem","position":2,"name":"Walk &#8216;n&#8217; Talk Espanhol #25 voce falou com a julia ontem"}]},{"@type":"WebSite","@id":"https:\/\/fluency.io\/br\/#website","url":"https:\/\/fluency.io\/br\/","name":"Fluency Academy","description":"","potentialAction":[{"@type":"SearchAction","target":{"@type":"EntryPoint","urlTemplate":"https:\/\/fluency.io\/br\/?s={search_term_string}"},"query-input":{"@type":"PropertyValueSpecification","valueRequired":true,"valueName":"search_term_string"}}],"inLanguage":"pt-BR"},{"@type":"Person","@id":"https:\/\/fluency.io\/br\/#\/schema\/person\/395d83f1006a72bd4912230eea50ff6f","name":"marcelo","image":{"@type":"ImageObject","inLanguage":"pt-BR","@id":"https:\/\/fluency.io\/br\/#\/schema\/person\/image\/","url":"https:\/\/secure.gravatar.com\/avatar\/9050681441880d21ef4048d38965a107dc5b77bf302f57fa3939973bdafa41d8?s=96&d=mm&r=g","contentUrl":"https:\/\/secure.gravatar.com\/avatar\/9050681441880d21ef4048d38965a107dc5b77bf302f57fa3939973bdafa41d8?s=96&d=mm&r=g","caption":"marcelo"}}]}},"_links":{"self":[{"href":"https:\/\/fluency.io\/br\/wp-json\/wp\/v2\/posts\/61505","targetHints":{"allow":["GET"]}}],"collection":[{"href":"https:\/\/fluency.io\/br\/wp-json\/wp\/v2\/posts"}],"about":[{"href":"https:\/\/fluency.io\/br\/wp-json\/wp\/v2\/types\/post"}],"author":[{"embeddable":true,"href":"https:\/\/fluency.io\/br\/wp-json\/wp\/v2\/users\/6"}],"replies":[{"embeddable":true,"href":"https:\/\/fluency.io\/br\/wp-json\/wp\/v2\/comments?post=61505"}],"version-history":[{"count":5,"href":"https:\/\/fluency.io\/br\/wp-json\/wp\/v2\/posts\/61505\/revisions"}],"predecessor-version":[{"id":97442,"href":"https:\/\/fluency.io\/br\/wp-json\/wp\/v2\/posts\/61505\/revisions\/97442"}],"wp:featuredmedia":[{"embeddable":true,"href":"https:\/\/fluency.io\/br\/wp-json\/wp\/v2\/media\/61506"}],"wp:attachment":[{"href":"https:\/\/fluency.io\/br\/wp-json\/wp\/v2\/media?parent=61505"}],"wp:term":[{"taxonomy":"category","embeddable":true,"href":"https:\/\/fluency.io\/br\/wp-json\/wp\/v2\/categories?post=61505"},{"taxonomy":"post_tag","embeddable":true,"href":"https:\/\/fluency.io\/br\/wp-json\/wp\/v2\/tags?post=61505"},{"taxonomy":"format","embeddable":true,"href":"https:\/\/fluency.io\/br\/wp-json\/wp\/v2\/format?post=61505"},{"taxonomy":"trilha","embeddable":true,"href":"https:\/\/fluency.io\/br\/wp-json\/wp\/v2\/trilha?post=61505"}],"curies":[{"name":"wp","href":"https:\/\/api.w.org\/{rel}","templated":true}]}}