{"id":62173,"date":"2022-04-25T12:52:00","date_gmt":"2022-04-25T12:52:00","guid":{"rendered":"https:\/\/fluency.io\/br\/blog\/dias-da-semana-em-espanhol\/"},"modified":"2024-08-26T11:03:22","modified_gmt":"2024-08-26T14:03:22","slug":"dias-da-semana-em-espanhol","status":"publish","type":"post","link":"https:\/\/fluency.io\/br\/blog\/dias-da-semana-em-espanhol\/","title":{"rendered":"Dias da semana em espanhol"},"content":{"rendered":"<p><em>\u00a1Hola, mis panitas!<\/em>\u200d<\/p>\n<p>Prontos(as) para mais uma dica? Voc\u00eas sabem quais s\u00e3o os dias da semana em espanhol?<\/p>\n<h2>Quais s\u00e3o os dias da semana em espanhol?<\/h2>\n<p><em>Lunes \/ Martes \/ Mi\u00e9rcoles \/ Jueves \/ Viernes \/ S\u00e1bado \/ Domingo<\/em><br \/>\nSegunda-feira \/ Ter\u00e7a-feira \/ Quarta-feira \/ Quinta-feira \/ Sexta-feira \/ S\u00e1bado \/ Domingo<\/p>\n<h2>Qual a origem dos nome dos dias da semana em espanhol?<\/h2>\n<p>Mas de onde surgiram esses nomes t\u00e3o diferentes dos que usamos em portugu\u00eas? Como em alguns outros idiomas, como o franc\u00eas e o italiano, o que inspirou a nomenclatura dos dias da semana em espanhol foram os astros! <em>\u200d<\/em><\/p>\n<h3>Segunda-Feira: Lunes<\/h3>\n<p><strong>Lunes<\/strong> deriva do latim <em>Lunae dies<\/em>, que significa &#8220;dia da Lua&#8221;. Essa conex\u00e3o celeste reflete a rela\u00e7\u00e3o antiga entre astronomia e calend\u00e1rio. Uso: <em>Lunes es el d\u00eda m\u00e1s tranquilo en la oficina.<\/em> (Segunda-feira \u00e9 o dia mais tranquilo no escrit\u00f3rio.)<\/p>\n<h3>Ter\u00e7a-Feira: Martes<\/h3>\n<p><strong>Martes<\/strong> vem de <em>Martis dies<\/em>, em homenagem a Marte, o deus romano da guerra. Este dia era visto como auspicioso para in\u00edcios e conquistas. Uso: <em>Martes, tengo una entrevista de trabajo.<\/em> (Ter\u00e7a-feira, tenho uma entrevista de trabalho.)<\/p>\n<h3>Quarta-Feira: Mi\u00e9rcoles<\/h3>\n<p><strong>Mi\u00e9rcoles<\/strong>, oriundo de <em>Mercurii dies<\/em>, est\u00e1 ligado a Merc\u00fario, o mensageiro dos deuses. Simboliza comunica\u00e7\u00e3o e movimento. Uso: <em>Mi\u00e9rcoles nos reunimos para planificar el proyecto.<\/em> (Quarta-feira nos reunimos para planejar o projeto.)<\/p>\n<h3>Quinta-Feira: Jueves<\/h3>\n<p><strong>Jueves<\/strong> deriva de <em>Jovis dies<\/em>, relacionado a J\u00fapiter, o deus do c\u00e9u e do trov\u00e3o, simbolizando poder e justi\u00e7a. Uso: <em>Jueves es ideal para hacer negocios.<\/em> (Quinta-feira \u00e9 ideal para fazer neg\u00f3cios.)<\/p>\n<h3>Sexta-Feira: Viernes<\/h3>\n<p><strong>Viernes<\/strong> tem sua origem em <em>Veneris dies<\/em>, dia dedicado a V\u00eanus, a deusa do amor e da beleza, refletindo desejo e emo\u00e7\u00e3o. Uso: <em>Viernes salimos temprano del trabajo.<\/em> (Sexta-feira sa\u00edmos cedo do trabalho.)<\/p>\n<h3>S\u00e1bado: S\u00e1bado<\/h3>\n<p>Curiosamente, <strong>S\u00e1bado<\/strong> mant\u00e9m sua forma e nome do latim <em>Sabbatum<\/em>, que por sua vez vem do hebraico <em>Shabbat<\/em>, indicando um dia de descanso e reflex\u00e3o. Uso: <em>S\u00e1bado voy a visitar a mis padres.<\/em> (S\u00e1bado vou visitar meus pais.)<\/p>\n<h3>Domingo: Domingo<\/h3>\n<p><strong>Domingo<\/strong>, vindo do latim <em>Dominicus dies<\/em>, significa &#8220;dia do Senhor&#8221;, refletindo a influ\u00eancia crist\u00e3 na organiza\u00e7\u00e3o semanal. Uso: <em>Domingo es perfecto para un picnic en el parque.<\/em> (Domingo \u00e9 perfeito para um piquenique no parque.)<\/p>\n<h2>Como decorar o nome dos dias da semana em espanhol?<\/h2>\n<p>Caso fique muito dif\u00edcil gravar os dias em espanhol, lembre dessa frase:<\/p>\n<p><em>La madre miente, jurando ver sapos dorados.<\/em><br \/>\nA m\u00e3e mente, jurando ver sapos dourados.<\/p>\n<p>Observe que as palavras t\u00eam as mesmas letras iniciais que os dias da semana, na ordem:<strong><em>\u200d<\/em><\/strong><\/p>\n<p><strong><em>L<\/em><\/strong><em>a <\/em><strong><em>ma<\/em><\/strong><em>dre <\/em><strong><em>mie<\/em><\/strong><em>nte,<\/em><strong><em> ju<\/em><\/strong><em>rando <\/em><strong><em>v<\/em><\/strong><em>er <\/em><strong><em>sa<\/em><\/strong><em>pos <\/em><strong><em>do<\/em><\/strong><em>rados.<\/em><strong><br \/>\nL<\/strong>unes, <strong>ma<\/strong>rtes, <strong>mi\u00e9<\/strong>rcoles, <strong>ju<\/strong>eves, <strong>v<\/strong>iernes, <strong>s\u00e1<\/strong>bado, <strong>do<\/strong>mingo<\/p>\n<h2>Express\u00f5es Idiom\u00e1ticas e Seus Usos<\/h2>\n<p>Cada dia da semana em espanhol carrega consigo express\u00f5es \u00fanicas que refletem a cultura e o modo de vida hisp\u00e2nico.<\/p>\n<ul>\n<li><strong>Lunes:<\/strong> <em>Ser lunes<\/em> \u2013 Sentir-se desanimado, como na t\u00edpica pregui\u00e7a de segunda-feira. Uso: <em>Hoy me siento ser lunes.<\/em> (Hoje me sinto como se fosse segunda-feira.)<\/li>\n<li><strong>Martes:<\/strong> <em>Martes trece, ni te cases ni te embarques<\/em> \u2013 Similar ao &#8220;Sexta-feira 13&#8221; em portugu\u00eas, um dia de azar. Uso: <em>No firmar\u00e9 el contrato, hoy es martes trece.<\/em> (N\u00e3o assinarei o contrato, hoje \u00e9 ter\u00e7a-feira 13.)<\/li>\n<li><strong>Mi\u00e9rcoles:<\/strong> <em>Mi\u00e9rcoles de ceniza<\/em> \u2013 Quarta-feira de cinzas, in\u00edcio da Quaresma. Uso: <em>Mi\u00e9rcoles de ceniza vamos a la iglesia.<\/em> (Quarta-feira de cinzas vamos \u00e0 igreja.)<\/li>\n<li><strong>Jueves:<\/strong> <em>Jueves Santo<\/em> \u2013 Quinta-feira Santa, parte da Semana Santa. Uso: <em>Jueves Santo es d\u00eda de reflexi\u00f3n.<\/em> (Quinta-feira Santa \u00e9 dia de reflex\u00e3o.)<\/li>\n<li><strong>Viernes:<\/strong> <em>Viernes social<\/em> \u2013 Sexta-feira \u00e9 comumente usada para socializa\u00e7\u00e3o. Uso: <em>Este viernes social, vamos al nuevo restaurante.<\/em> (Nesta sexta-feira social, vamos ao novo restaurante.)<\/li>\n<li><strong>S\u00e1bado:<\/strong> <em>S\u00e1bado sabadete<\/em> \u2013 Refere-se a aproveitar o s\u00e1bado para se divertir ou relaxar. Uso: <em>S\u00e1bado sabadete, vamos a la playa.<\/em> (S\u00e1bado divertido, vamos \u00e0 praia.)<\/li>\n<li><strong>Domingo:<\/strong> <em>Domingo de Ramos<\/em> \u2013 Domingo que marca o in\u00edcio da Semana Santa. Uso: <em>El Domingo de Ramos asistimos a la misa.<\/em> (No Domingo de Ramos assistimos \u00e0 missa.)<\/li>\n<\/ul>\n<p>\u200d\ud83c\udf1f Aproveite cada dia como se fosse um novo come\u00e7o! Matricule-se agora no nosso <a href=\"\/br\/cursos\/espanhol\">curso de espanhol online<\/a> e transforme suas segundas-feiras em oportunidades de aprendizado! Junte-se a n\u00f3s agora mesmo! \ud83d\ude80<\/p>\n<h2>Perguntas Frequentes<\/h2>\n<p><strong>Qual \u00e9 a origem dos nomes dos dias da semana em espanhol?<\/strong><br \/>\nEles derivam de nomes de deuses romanos, astros e tradi\u00e7\u00f5es religiosas.<\/p>\n<p><strong>Como posso praticar o uso dos dias da semana?<\/strong><br \/>\nTente planejar sua semana em espanhol ou usar os dias em conversas cotidianas.<\/p>\n<p><strong>H\u00e1 express\u00f5es idiom\u00e1ticas para todos os dias da semana?<\/strong><br \/>\nSim, cada dia tem suas express\u00f5es \u00fanicas, refletindo aspectos culturais.<\/p>\n<h2>Conclus\u00e3o<\/h2>\n<p>Compreender os dias da semana em espanhol vai al\u00e9m do simples aprendizado de vocabul\u00e1rio; \u00e9 um convite para explorar aspectos culturais e hist\u00f3ricos ricos e variados. Esperamos que este artigo tenha n\u00e3o apenas expandido seu vocabul\u00e1rio, mas tamb\u00e9m enriquecido seu entendimento do idioma espanhol. Continue praticando e integrando esses conhecimentos no seu dia a dia, e voc\u00ea ver\u00e1 um progresso significativo em sua flu\u00eancia. \u00a1Hasta la pr\u00f3xima!<\/p>\n<p><em>\u00a1Nos vemos pronto!<\/em><\/p>\n<p>#PraTodosVerem Na tela est\u00e1 a professora Maria, que se identifica como mulher branca, com 1,73m de altura e cabelos castanhos na altura do ombro. Ela veste uma camiseta de manga curta cor-de-rosa escura e est\u00e1 em um ambiente de estudos, com uma estante na lateral direita, plantas e quadros pendurados. O v\u00eddeo fala sobre os dias da semana em espanhol.<\/p>\n","protected":false},"excerpt":{"rendered":"<p>Os dias da semana em espanhol s\u00e3o: Lunes, Martes, Mi\u00e9rcoles, Jueves ,Viernes, S\u00e1bado e Domingo. Entenda nesse artigo a origem de cada um deles, express\u00f5es idiom\u00e1ticas e at\u00e9 como memoriz\u00e1-los! Vem com a gente!<\/p>\n","protected":false},"author":6,"featured_media":62174,"comment_status":"open","ping_status":"open","sticky":false,"template":"","format":[184],"meta":{"inline_featured_image":false,"footnotes":""},"categories":[171],"tags":[],"trilha":[],"class_list":["post-62173","post","type-post","status-publish","format-standard","has-post-thumbnail","hentry","category-vocabulario","format-videos"],"acf":[],"yoast_head":"<!-- This site is optimized with the Yoast SEO plugin v26.6 - https:\/\/yoast.com\/wordpress\/plugins\/seo\/ -->\n<title>Dias da semana em espanhol<\/title>\n<meta name=\"description\" content=\"Que tal aprender todos os dias da semana em espanhol? Confira algumas dicas e curiosidades sobre de onde vieram essas palavras e mais!\" \/>\n<meta name=\"robots\" content=\"index, follow, max-snippet:-1, max-image-preview:large, max-video-preview:-1\" \/>\n<link rel=\"canonical\" href=\"https:\/\/fluency.io\/br\/blog\/dias-da-semana-em-espanhol\/\" \/>\n<meta property=\"og:locale\" content=\"pt_BR\" \/>\n<meta property=\"og:type\" content=\"article\" \/>\n<meta property=\"og:title\" content=\"Dias da semana em espanhol\" \/>\n<meta property=\"og:description\" content=\"Que tal aprender todos os dias da semana em espanhol? Confira algumas dicas e curiosidades sobre de onde vieram essas palavras e mais!\" \/>\n<meta property=\"og:url\" content=\"https:\/\/fluency.io\/br\/blog\/dias-da-semana-em-espanhol\/\" \/>\n<meta property=\"og:site_name\" content=\"Fluency.io Brasil\" \/>\n<meta property=\"article:published_time\" content=\"2022-04-25T12:52:00+00:00\" \/>\n<meta property=\"article:modified_time\" content=\"2024-08-26T14:03:22+00:00\" \/>\n<meta property=\"og:image\" content=\"https:\/\/fluency.io\/br\/wp-content\/uploads\/sites\/3\/2023\/12\/623375773ff32aaef039dbac_ESP_Thumb_Maria_Dias-da-semana_PORTAL-1.png\" \/>\n\t<meta property=\"og:image:width\" content=\"1211\" \/>\n\t<meta property=\"og:image:height\" content=\"681\" \/>\n\t<meta property=\"og:image:type\" content=\"image\/png\" \/>\n<meta name=\"twitter:card\" content=\"summary_large_image\" \/>\n<meta name=\"twitter:label1\" content=\"Escrito por\" \/>\n\t<meta name=\"twitter:data1\" content=\"marcelo\" \/>\n\t<meta name=\"twitter:label2\" content=\"Est. tempo de leitura\" \/>\n\t<meta name=\"twitter:data2\" content=\"5 minutos\" \/>\n<script type=\"application\/ld+json\" class=\"yoast-schema-graph\">{\"@context\":\"https:\/\/schema.org\",\"@graph\":[{\"@type\":\"WebPage\",\"@id\":\"https:\/\/fluency.io\/br\/blog\/dias-da-semana-em-espanhol\/\",\"url\":\"https:\/\/fluency.io\/br\/blog\/dias-da-semana-em-espanhol\/\",\"name\":\"Dias da semana em espanhol\",\"isPartOf\":{\"@id\":\"https:\/\/fluency.io\/br\/#website\"},\"primaryImageOfPage\":{\"@id\":\"https:\/\/fluency.io\/br\/blog\/dias-da-semana-em-espanhol\/#primaryimage\"},\"image\":{\"@id\":\"https:\/\/fluency.io\/br\/blog\/dias-da-semana-em-espanhol\/#primaryimage\"},\"thumbnailUrl\":\"https:\/\/fluency.io\/br\/wp-content\/uploads\/sites\/3\/2023\/12\/623375773ff32aaef039dbac_ESP_Thumb_Maria_Dias-da-semana_PORTAL-1.png\",\"datePublished\":\"2022-04-25T12:52:00+00:00\",\"dateModified\":\"2024-08-26T14:03:22+00:00\",\"author\":{\"@id\":\"https:\/\/fluency.io\/br\/#\/schema\/person\/395d83f1006a72bd4912230eea50ff6f\"},\"description\":\"Que tal aprender todos os dias da semana em espanhol? Confira algumas dicas e curiosidades sobre de onde vieram essas palavras e mais!\",\"breadcrumb\":{\"@id\":\"https:\/\/fluency.io\/br\/blog\/dias-da-semana-em-espanhol\/#breadcrumb\"},\"inLanguage\":\"pt-BR\",\"potentialAction\":[{\"@type\":\"ReadAction\",\"target\":[\"https:\/\/fluency.io\/br\/blog\/dias-da-semana-em-espanhol\/\"]}]},{\"@type\":\"ImageObject\",\"inLanguage\":\"pt-BR\",\"@id\":\"https:\/\/fluency.io\/br\/blog\/dias-da-semana-em-espanhol\/#primaryimage\",\"url\":\"https:\/\/fluency.io\/br\/wp-content\/uploads\/sites\/3\/2023\/12\/623375773ff32aaef039dbac_ESP_Thumb_Maria_Dias-da-semana_PORTAL-1.png\",\"contentUrl\":\"https:\/\/fluency.io\/br\/wp-content\/uploads\/sites\/3\/2023\/12\/623375773ff32aaef039dbac_ESP_Thumb_Maria_Dias-da-semana_PORTAL-1.png\",\"width\":1211,\"height\":681,\"caption\":\"Dias da semana em espanhol\"},{\"@type\":\"BreadcrumbList\",\"@id\":\"https:\/\/fluency.io\/br\/blog\/dias-da-semana-em-espanhol\/#breadcrumb\",\"itemListElement\":[{\"@type\":\"ListItem\",\"position\":1,\"name\":\"Home\",\"item\":\"https:\/\/fluency.io\/br\/\"},{\"@type\":\"ListItem\",\"position\":2,\"name\":\"Dias da semana em espanhol\"}]},{\"@type\":\"WebSite\",\"@id\":\"https:\/\/fluency.io\/br\/#website\",\"url\":\"https:\/\/fluency.io\/br\/\",\"name\":\"Fluency Academy\",\"description\":\"\",\"potentialAction\":[{\"@type\":\"SearchAction\",\"target\":{\"@type\":\"EntryPoint\",\"urlTemplate\":\"https:\/\/fluency.io\/br\/?s={search_term_string}\"},\"query-input\":{\"@type\":\"PropertyValueSpecification\",\"valueRequired\":true,\"valueName\":\"search_term_string\"}}],\"inLanguage\":\"pt-BR\"},{\"@type\":\"Person\",\"@id\":\"https:\/\/fluency.io\/br\/#\/schema\/person\/395d83f1006a72bd4912230eea50ff6f\",\"name\":\"marcelo\",\"image\":{\"@type\":\"ImageObject\",\"inLanguage\":\"pt-BR\",\"@id\":\"https:\/\/fluency.io\/br\/#\/schema\/person\/image\/\",\"url\":\"https:\/\/secure.gravatar.com\/avatar\/9050681441880d21ef4048d38965a107dc5b77bf302f57fa3939973bdafa41d8?s=96&d=mm&r=g\",\"contentUrl\":\"https:\/\/secure.gravatar.com\/avatar\/9050681441880d21ef4048d38965a107dc5b77bf302f57fa3939973bdafa41d8?s=96&d=mm&r=g\",\"caption\":\"marcelo\"}}]}<\/script>\n<!-- \/ Yoast SEO plugin. -->","yoast_head_json":{"title":"Dias da semana em espanhol","description":"Que tal aprender todos os dias da semana em espanhol? Confira algumas dicas e curiosidades sobre de onde vieram essas palavras e mais!","robots":{"index":"index","follow":"follow","max-snippet":"max-snippet:-1","max-image-preview":"max-image-preview:large","max-video-preview":"max-video-preview:-1"},"canonical":"https:\/\/fluency.io\/br\/blog\/dias-da-semana-em-espanhol\/","og_locale":"pt_BR","og_type":"article","og_title":"Dias da semana em espanhol","og_description":"Que tal aprender todos os dias da semana em espanhol? Confira algumas dicas e curiosidades sobre de onde vieram essas palavras e mais!","og_url":"https:\/\/fluency.io\/br\/blog\/dias-da-semana-em-espanhol\/","og_site_name":"Fluency.io Brasil","article_published_time":"2022-04-25T12:52:00+00:00","article_modified_time":"2024-08-26T14:03:22+00:00","og_image":[{"width":1211,"height":681,"url":"https:\/\/fluency.io\/br\/wp-content\/uploads\/sites\/3\/2023\/12\/623375773ff32aaef039dbac_ESP_Thumb_Maria_Dias-da-semana_PORTAL-1.png","type":"image\/png"}],"twitter_card":"summary_large_image","twitter_misc":{"Escrito por":"marcelo","Est. tempo de leitura":"5 minutos"},"schema":{"@context":"https:\/\/schema.org","@graph":[{"@type":"WebPage","@id":"https:\/\/fluency.io\/br\/blog\/dias-da-semana-em-espanhol\/","url":"https:\/\/fluency.io\/br\/blog\/dias-da-semana-em-espanhol\/","name":"Dias da semana em espanhol","isPartOf":{"@id":"https:\/\/fluency.io\/br\/#website"},"primaryImageOfPage":{"@id":"https:\/\/fluency.io\/br\/blog\/dias-da-semana-em-espanhol\/#primaryimage"},"image":{"@id":"https:\/\/fluency.io\/br\/blog\/dias-da-semana-em-espanhol\/#primaryimage"},"thumbnailUrl":"https:\/\/fluency.io\/br\/wp-content\/uploads\/sites\/3\/2023\/12\/623375773ff32aaef039dbac_ESP_Thumb_Maria_Dias-da-semana_PORTAL-1.png","datePublished":"2022-04-25T12:52:00+00:00","dateModified":"2024-08-26T14:03:22+00:00","author":{"@id":"https:\/\/fluency.io\/br\/#\/schema\/person\/395d83f1006a72bd4912230eea50ff6f"},"description":"Que tal aprender todos os dias da semana em espanhol? Confira algumas dicas e curiosidades sobre de onde vieram essas palavras e mais!","breadcrumb":{"@id":"https:\/\/fluency.io\/br\/blog\/dias-da-semana-em-espanhol\/#breadcrumb"},"inLanguage":"pt-BR","potentialAction":[{"@type":"ReadAction","target":["https:\/\/fluency.io\/br\/blog\/dias-da-semana-em-espanhol\/"]}]},{"@type":"ImageObject","inLanguage":"pt-BR","@id":"https:\/\/fluency.io\/br\/blog\/dias-da-semana-em-espanhol\/#primaryimage","url":"https:\/\/fluency.io\/br\/wp-content\/uploads\/sites\/3\/2023\/12\/623375773ff32aaef039dbac_ESP_Thumb_Maria_Dias-da-semana_PORTAL-1.png","contentUrl":"https:\/\/fluency.io\/br\/wp-content\/uploads\/sites\/3\/2023\/12\/623375773ff32aaef039dbac_ESP_Thumb_Maria_Dias-da-semana_PORTAL-1.png","width":1211,"height":681,"caption":"Dias da semana em espanhol"},{"@type":"BreadcrumbList","@id":"https:\/\/fluency.io\/br\/blog\/dias-da-semana-em-espanhol\/#breadcrumb","itemListElement":[{"@type":"ListItem","position":1,"name":"Home","item":"https:\/\/fluency.io\/br\/"},{"@type":"ListItem","position":2,"name":"Dias da semana em espanhol"}]},{"@type":"WebSite","@id":"https:\/\/fluency.io\/br\/#website","url":"https:\/\/fluency.io\/br\/","name":"Fluency Academy","description":"","potentialAction":[{"@type":"SearchAction","target":{"@type":"EntryPoint","urlTemplate":"https:\/\/fluency.io\/br\/?s={search_term_string}"},"query-input":{"@type":"PropertyValueSpecification","valueRequired":true,"valueName":"search_term_string"}}],"inLanguage":"pt-BR"},{"@type":"Person","@id":"https:\/\/fluency.io\/br\/#\/schema\/person\/395d83f1006a72bd4912230eea50ff6f","name":"marcelo","image":{"@type":"ImageObject","inLanguage":"pt-BR","@id":"https:\/\/fluency.io\/br\/#\/schema\/person\/image\/","url":"https:\/\/secure.gravatar.com\/avatar\/9050681441880d21ef4048d38965a107dc5b77bf302f57fa3939973bdafa41d8?s=96&d=mm&r=g","contentUrl":"https:\/\/secure.gravatar.com\/avatar\/9050681441880d21ef4048d38965a107dc5b77bf302f57fa3939973bdafa41d8?s=96&d=mm&r=g","caption":"marcelo"}}]}},"_links":{"self":[{"href":"https:\/\/fluency.io\/br\/wp-json\/wp\/v2\/posts\/62173","targetHints":{"allow":["GET"]}}],"collection":[{"href":"https:\/\/fluency.io\/br\/wp-json\/wp\/v2\/posts"}],"about":[{"href":"https:\/\/fluency.io\/br\/wp-json\/wp\/v2\/types\/post"}],"author":[{"embeddable":true,"href":"https:\/\/fluency.io\/br\/wp-json\/wp\/v2\/users\/6"}],"replies":[{"embeddable":true,"href":"https:\/\/fluency.io\/br\/wp-json\/wp\/v2\/comments?post=62173"}],"version-history":[{"count":3,"href":"https:\/\/fluency.io\/br\/wp-json\/wp\/v2\/posts\/62173\/revisions"}],"predecessor-version":[{"id":73501,"href":"https:\/\/fluency.io\/br\/wp-json\/wp\/v2\/posts\/62173\/revisions\/73501"}],"wp:featuredmedia":[{"embeddable":true,"href":"https:\/\/fluency.io\/br\/wp-json\/wp\/v2\/media\/62174"}],"wp:attachment":[{"href":"https:\/\/fluency.io\/br\/wp-json\/wp\/v2\/media?parent=62173"}],"wp:term":[{"taxonomy":"category","embeddable":true,"href":"https:\/\/fluency.io\/br\/wp-json\/wp\/v2\/categories?post=62173"},{"taxonomy":"post_tag","embeddable":true,"href":"https:\/\/fluency.io\/br\/wp-json\/wp\/v2\/tags?post=62173"},{"taxonomy":"format","embeddable":true,"href":"https:\/\/fluency.io\/br\/wp-json\/wp\/v2\/format?post=62173"},{"taxonomy":"trilha","embeddable":true,"href":"https:\/\/fluency.io\/br\/wp-json\/wp\/v2\/trilha?post=62173"}],"curies":[{"name":"wp","href":"https:\/\/api.w.org\/{rel}","templated":true}]}}