{"id":65328,"date":"2022-01-20T17:31:00","date_gmt":"2022-01-20T17:31:00","guid":{"rendered":"https:\/\/fluency.io\/br\/blog\/walk-n-talk-espanhol-94-e-se-a-gente-for-ao-inti-raymi\/"},"modified":"2024-08-26T11:09:07","modified_gmt":"2024-08-26T14:09:07","slug":"walk-n-talk-espanhol-94-e-se-a-gente-for-ao-inti-raymi","status":"publish","type":"post","link":"https:\/\/fluency.io\/br\/blog\/walk-n-talk-espanhol-94-e-se-a-gente-for-ao-inti-raymi\/","title":{"rendered":"Walk &#8216;n&#8217; Talk Essentials Espanhol #94 &#8211; E se a gente for ao Inti Raymi?"},"content":{"rendered":"<p><em>\u00a1Bienvenido, bienvenida al Walk \u2018n\u2019 Talk Essentials Espa\u00f1ol!<\/em><\/p>\n<p>Neste epis\u00f3dio, voc\u00ea ouviu o Julio e o Enrique conversando sobre uma viagem de Lima a Cusco. Por meio desse di\u00e1logo, voc\u00ea aprendeu formas de fazer propostas e convites, um dos usos da palavra <em>\u201cdesde\u201d<\/em> e uma g\u00edria peruana para falar de trabalho, al\u00e9m de ouvir sobre o Inti Raymi, a festa do sol, que acontece todo m\u00eas de junho.<\/p>\n<p>Agora, voc\u00ea pode praticar a leitura e ampliar os seus conhecimentos. \u00c9 s\u00f3 rolar a p\u00e1gina para ler o material de apoio!<\/p>\n<h4><strong>DI\u00c1LOGO<\/strong><\/h4>\n<p><strong><em>Julio: \u00bfPor qu\u00e9 no visitamos Cuzco?<\/em><\/strong><br \/>\nJulio:Por que a gente n\u00e3o visita Cusco?<\/p>\n<p><strong><em>Enrique: A ver si encontramos vuelos baratos desde Lima.<\/em><\/strong><\/p>\n<p>Enrique: Vamos ver se a gente encontra voos baratos saindo de Lima.<\/p>\n<p><strong><em>Julio: Bueno. \u00bfY si vamos para el Inti Raymi?<\/em><\/strong><\/p>\n<p>Julio: Beleza. E se a gente for para o Inti Raymi?<\/p>\n<p><strong><em>Enrique: \u00bfLa fiesta del sol? \u00a1Genial!<\/em><\/strong><\/p>\n<p>Enrique:A festa do sol? Legal!<\/p>\n<p><strong><em>Julio: Busca vuelos para el d\u00eda anterior, el 21 de junio.<\/em><\/strong><\/p>\n<p>Julio:Procura voos para o dia anterior, dia 21 de junho.<\/p>\n<p><strong><em>Enrique: \u00a1Ay! Es que tendr\u00e9 que chambear en esa fecha\u2026<\/em><\/strong><\/p>\n<p><strong>Enrique: <\/strong>Ah! \u00c9 que eu terei que trabalhar nessa data\u2026<\/p>\n<h4><strong>EXPANS\u00c3O DE VOCABUL\u00c1RIO<\/strong><\/h4>\n<p><strong><em>&#8211; Formas de fazer uma proposta e\/ou convite<br \/>\n<\/em><\/strong><\/p>\n<p>No di\u00e1logo, voc\u00ea viu essas duas:<\/p>\n<p><strong><em>POR QU\u00c9 NO + PRESENTE DE INDICATIVO<\/em><\/strong><\/p>\n<p><em>\u00bf<\/em><strong><em>Por qu\u00e9 no<\/em><\/strong><em> <\/em><strong><em>visitamos <\/em><\/strong><em>Cuzco?<\/em><br \/>\nPor que a gente n\u00e3o visita Cusco?<\/p>\n<p><strong><em>Y SI + PRESENTE DE INDICATIVO<\/em><\/strong><\/p>\n<p><em>\u00bf<\/em><strong><em>Y si vamos <\/em><\/strong><em>para el Inti Raymi?<\/em><br \/>\nE se a gente for para o Inti Raymi?<\/p>\n<p>Voc\u00ea tamb\u00e9m pode usar:<\/p>\n<p><strong><em>QUERER + INFINITIVO<\/em><\/strong><\/p>\n<p><em>\u00bf<\/em><strong><em>Quieres ir <\/em><\/strong><em>al cine hoy? <\/em>(informal)<em> \/ \u00bf<\/em><strong><em>Quiere ir <\/em><\/strong><em>al cine hoy? <\/em>(formal)<br \/>\nVoc\u00ea quer ir ao cinema hoje?<\/p>\n<p><strong><em>TE\/LE APETECE + INFINITIVO<\/em><\/strong><\/p>\n<p><em>\u00bf<\/em><strong><em>Te apetece comer <\/em><\/strong><em>fuera? <\/em>(informal)<em> \/ \u00bf<\/em><strong><em>Le apetece comer <\/em><\/strong><em>fuera? <\/em>(formal)<br \/>\nVoc\u00ea quer comer fora?<\/p>\n<p>Ou ainda o verbo que se refere ao que voc\u00ea quer fazer conjugado no presente do indicativo:<\/p>\n<p><em>\u00bf<\/em><strong><em>Tomamos<\/em><\/strong><em> un caf\u00e9?<\/em><br \/>\nVamos tomar um caf\u00e9?<\/p>\n<p><strong>&#8211; Diferentes formas de dizer \u201ctrabalhar\u201d em espanhol<\/strong><\/p>\n<p><strong><em>CHAMBEAR<\/em><\/strong><\/p>\n<p>\u00c9 a g\u00edria peruana que voc\u00ea ouviu no epis\u00f3dio:<\/p>\n<p><em>Es que tendr\u00e9 que <\/em><strong><em>chambear <\/em><\/strong><em>en esa fecha\u2026<\/em><br \/>\n\u00c9 que eu terei que trabalhar nessa data\u2026<\/p>\n<p><strong><em>CURRAR<\/em><\/strong><\/p>\n<p>Muito utilizada na Espanha:<\/p>\n<p><strong><em>He currado <\/em><\/strong><em>demasiado esta semana.<\/em><br \/>\nEu trabalhei demais esta semana.<\/p>\n<p><strong><em>BRETEAR<\/em><\/strong><\/p>\n<p>\u00c9 uma g\u00edria da Costa Rica:<\/p>\n<p><em>Ella <\/em><strong><em>bretea <\/em><\/strong><em>todo el d\u00eda de lunes a viernes.<\/em><br \/>\nEla trabalha o dia inteiro de segunda a sexta.<\/p>\n<p><em>Esperamos que el material te haya resultado interesante y que en alg\u00fan momento puedas irte a Cuzco para el Inti Raymi.<\/em><\/p>\n<p><em>\u00a1Hasta luego!<\/em><\/p>\n","protected":false},"excerpt":{"rendered":"<p>Com este epis\u00f3dio voc\u00ea vai descobrir um pedacinho da festa dedicada a Inti, o deus sol!<\/p>\n","protected":false},"author":6,"featured_media":65329,"comment_status":"open","ping_status":"open","sticky":false,"template":"","format":[183],"meta":{"inline_featured_image":false,"footnotes":""},"categories":[171],"tags":[],"trilha":[],"class_list":["post-65328","post","type-post","status-publish","format-standard","has-post-thumbnail","hentry","category-vocabulario","tipo-podcast-essentials","tipo-podcast-walk-n-talk","format-podcast"],"acf":[],"yoast_head":"<!-- This site is optimized with the Yoast SEO plugin v26.6 - https:\/\/yoast.com\/wordpress\/plugins\/seo\/ -->\n<title>Walk &#039;n&#039; Talk Essentials Espanhol #94 - E se a gente for ao Inti Raymi?<\/title>\n<meta name=\"description\" content=\"Neste epis\u00f3dio do Walk &#039;n&#039; Talk - podcast da Fluency - Walk &#039;n&#039; Talk Essentials Espanhol #94 - E se a gente for ao Inti Raymi?\" \/>\n<meta name=\"robots\" content=\"index, follow, max-snippet:-1, max-image-preview:large, max-video-preview:-1\" \/>\n<link rel=\"canonical\" href=\"https:\/\/fluency.io\/br\/blog\/walk-n-talk-espanhol-94-e-se-a-gente-for-ao-inti-raymi\/\" \/>\n<meta property=\"og:locale\" content=\"pt_BR\" \/>\n<meta property=\"og:type\" content=\"article\" \/>\n<meta property=\"og:title\" content=\"Walk &#039;n&#039; Talk Essentials Espanhol #94 - E se a gente for ao Inti Raymi?\" \/>\n<meta property=\"og:description\" content=\"Neste epis\u00f3dio do Walk &#039;n&#039; Talk - podcast da Fluency - Walk &#039;n&#039; Talk Essentials Espanhol #94 - E se a gente for ao Inti Raymi?\" \/>\n<meta property=\"og:url\" content=\"https:\/\/fluency.io\/br\/blog\/walk-n-talk-espanhol-94-e-se-a-gente-for-ao-inti-raymi\/\" \/>\n<meta property=\"og:site_name\" content=\"Fluency.io Brasil\" \/>\n<meta property=\"article:published_time\" content=\"2022-01-20T17:31:00+00:00\" \/>\n<meta property=\"article:modified_time\" content=\"2024-08-26T14:09:07+00:00\" \/>\n<meta property=\"og:image\" content=\"https:\/\/fluency.io\/br\/wp-content\/uploads\/sites\/3\/2023\/12\/61e9a1b30064045f9af702a9_ESP_Walk-_n_-Talk_Essentials_94_THUMB_PORTAL-1.jpg\" \/>\n\t<meta property=\"og:image:width\" content=\"1210\" \/>\n\t<meta property=\"og:image:height\" content=\"681\" \/>\n\t<meta property=\"og:image:type\" content=\"image\/jpeg\" \/>\n<meta name=\"twitter:card\" content=\"summary_large_image\" \/>\n<meta name=\"twitter:label1\" content=\"Escrito por\" \/>\n\t<meta name=\"twitter:data1\" content=\"marcelo\" \/>\n\t<meta name=\"twitter:label2\" content=\"Est. tempo de leitura\" \/>\n\t<meta name=\"twitter:data2\" content=\"2 minutos\" \/>\n<script type=\"application\/ld+json\" class=\"yoast-schema-graph\">{\"@context\":\"https:\/\/schema.org\",\"@graph\":[{\"@type\":\"WebPage\",\"@id\":\"https:\/\/fluency.io\/br\/blog\/walk-n-talk-espanhol-94-e-se-a-gente-for-ao-inti-raymi\/\",\"url\":\"https:\/\/fluency.io\/br\/blog\/walk-n-talk-espanhol-94-e-se-a-gente-for-ao-inti-raymi\/\",\"name\":\"Walk 'n' Talk Essentials Espanhol #94 - E se a gente for ao Inti Raymi?\",\"isPartOf\":{\"@id\":\"https:\/\/fluency.io\/br\/#website\"},\"primaryImageOfPage\":{\"@id\":\"https:\/\/fluency.io\/br\/blog\/walk-n-talk-espanhol-94-e-se-a-gente-for-ao-inti-raymi\/#primaryimage\"},\"image\":{\"@id\":\"https:\/\/fluency.io\/br\/blog\/walk-n-talk-espanhol-94-e-se-a-gente-for-ao-inti-raymi\/#primaryimage\"},\"thumbnailUrl\":\"https:\/\/fluency.io\/br\/wp-content\/uploads\/sites\/3\/2023\/12\/61e9a1b30064045f9af702a9_ESP_Walk-_n_-Talk_Essentials_94_THUMB_PORTAL-1.jpg\",\"datePublished\":\"2022-01-20T17:31:00+00:00\",\"dateModified\":\"2024-08-26T14:09:07+00:00\",\"author\":{\"@id\":\"https:\/\/fluency.io\/br\/#\/schema\/person\/395d83f1006a72bd4912230eea50ff6f\"},\"description\":\"Neste epis\u00f3dio do Walk 'n' Talk - podcast da Fluency - Walk 'n' Talk Essentials Espanhol #94 - E se a gente for ao Inti Raymi?\",\"breadcrumb\":{\"@id\":\"https:\/\/fluency.io\/br\/blog\/walk-n-talk-espanhol-94-e-se-a-gente-for-ao-inti-raymi\/#breadcrumb\"},\"inLanguage\":\"pt-BR\",\"potentialAction\":[{\"@type\":\"ReadAction\",\"target\":[\"https:\/\/fluency.io\/br\/blog\/walk-n-talk-espanhol-94-e-se-a-gente-for-ao-inti-raymi\/\"]}]},{\"@type\":\"ImageObject\",\"inLanguage\":\"pt-BR\",\"@id\":\"https:\/\/fluency.io\/br\/blog\/walk-n-talk-espanhol-94-e-se-a-gente-for-ao-inti-raymi\/#primaryimage\",\"url\":\"https:\/\/fluency.io\/br\/wp-content\/uploads\/sites\/3\/2023\/12\/61e9a1b30064045f9af702a9_ESP_Walk-_n_-Talk_Essentials_94_THUMB_PORTAL-1.jpg\",\"contentUrl\":\"https:\/\/fluency.io\/br\/wp-content\/uploads\/sites\/3\/2023\/12\/61e9a1b30064045f9af702a9_ESP_Walk-_n_-Talk_Essentials_94_THUMB_PORTAL-1.jpg\",\"width\":1210,\"height\":681,\"caption\":\"fluency-academy\"},{\"@type\":\"BreadcrumbList\",\"@id\":\"https:\/\/fluency.io\/br\/blog\/walk-n-talk-espanhol-94-e-se-a-gente-for-ao-inti-raymi\/#breadcrumb\",\"itemListElement\":[{\"@type\":\"ListItem\",\"position\":1,\"name\":\"Home\",\"item\":\"https:\/\/fluency.io\/br\/\"},{\"@type\":\"ListItem\",\"position\":2,\"name\":\"Walk &#8216;n&#8217; Talk Essentials Espanhol #94 &#8211; E se a gente for ao Inti Raymi?\"}]},{\"@type\":\"WebSite\",\"@id\":\"https:\/\/fluency.io\/br\/#website\",\"url\":\"https:\/\/fluency.io\/br\/\",\"name\":\"Fluency Academy\",\"description\":\"\",\"potentialAction\":[{\"@type\":\"SearchAction\",\"target\":{\"@type\":\"EntryPoint\",\"urlTemplate\":\"https:\/\/fluency.io\/br\/?s={search_term_string}\"},\"query-input\":{\"@type\":\"PropertyValueSpecification\",\"valueRequired\":true,\"valueName\":\"search_term_string\"}}],\"inLanguage\":\"pt-BR\"},{\"@type\":\"Person\",\"@id\":\"https:\/\/fluency.io\/br\/#\/schema\/person\/395d83f1006a72bd4912230eea50ff6f\",\"name\":\"marcelo\",\"image\":{\"@type\":\"ImageObject\",\"inLanguage\":\"pt-BR\",\"@id\":\"https:\/\/fluency.io\/br\/#\/schema\/person\/image\/\",\"url\":\"https:\/\/secure.gravatar.com\/avatar\/9050681441880d21ef4048d38965a107dc5b77bf302f57fa3939973bdafa41d8?s=96&d=mm&r=g\",\"contentUrl\":\"https:\/\/secure.gravatar.com\/avatar\/9050681441880d21ef4048d38965a107dc5b77bf302f57fa3939973bdafa41d8?s=96&d=mm&r=g\",\"caption\":\"marcelo\"}}]}<\/script>\n<!-- \/ Yoast SEO plugin. -->","yoast_head_json":{"title":"Walk 'n' Talk Essentials Espanhol #94 - E se a gente for ao Inti Raymi?","description":"Neste epis\u00f3dio do Walk 'n' Talk - podcast da Fluency - Walk 'n' Talk Essentials Espanhol #94 - E se a gente for ao Inti Raymi?","robots":{"index":"index","follow":"follow","max-snippet":"max-snippet:-1","max-image-preview":"max-image-preview:large","max-video-preview":"max-video-preview:-1"},"canonical":"https:\/\/fluency.io\/br\/blog\/walk-n-talk-espanhol-94-e-se-a-gente-for-ao-inti-raymi\/","og_locale":"pt_BR","og_type":"article","og_title":"Walk 'n' Talk Essentials Espanhol #94 - E se a gente for ao Inti Raymi?","og_description":"Neste epis\u00f3dio do Walk 'n' Talk - podcast da Fluency - Walk 'n' Talk Essentials Espanhol #94 - E se a gente for ao Inti Raymi?","og_url":"https:\/\/fluency.io\/br\/blog\/walk-n-talk-espanhol-94-e-se-a-gente-for-ao-inti-raymi\/","og_site_name":"Fluency.io Brasil","article_published_time":"2022-01-20T17:31:00+00:00","article_modified_time":"2024-08-26T14:09:07+00:00","og_image":[{"width":1210,"height":681,"url":"https:\/\/fluency.io\/br\/wp-content\/uploads\/sites\/3\/2023\/12\/61e9a1b30064045f9af702a9_ESP_Walk-_n_-Talk_Essentials_94_THUMB_PORTAL-1.jpg","type":"image\/jpeg"}],"twitter_card":"summary_large_image","twitter_misc":{"Escrito por":"marcelo","Est. tempo de leitura":"2 minutos"},"schema":{"@context":"https:\/\/schema.org","@graph":[{"@type":"WebPage","@id":"https:\/\/fluency.io\/br\/blog\/walk-n-talk-espanhol-94-e-se-a-gente-for-ao-inti-raymi\/","url":"https:\/\/fluency.io\/br\/blog\/walk-n-talk-espanhol-94-e-se-a-gente-for-ao-inti-raymi\/","name":"Walk 'n' Talk Essentials Espanhol #94 - E se a gente for ao Inti Raymi?","isPartOf":{"@id":"https:\/\/fluency.io\/br\/#website"},"primaryImageOfPage":{"@id":"https:\/\/fluency.io\/br\/blog\/walk-n-talk-espanhol-94-e-se-a-gente-for-ao-inti-raymi\/#primaryimage"},"image":{"@id":"https:\/\/fluency.io\/br\/blog\/walk-n-talk-espanhol-94-e-se-a-gente-for-ao-inti-raymi\/#primaryimage"},"thumbnailUrl":"https:\/\/fluency.io\/br\/wp-content\/uploads\/sites\/3\/2023\/12\/61e9a1b30064045f9af702a9_ESP_Walk-_n_-Talk_Essentials_94_THUMB_PORTAL-1.jpg","datePublished":"2022-01-20T17:31:00+00:00","dateModified":"2024-08-26T14:09:07+00:00","author":{"@id":"https:\/\/fluency.io\/br\/#\/schema\/person\/395d83f1006a72bd4912230eea50ff6f"},"description":"Neste epis\u00f3dio do Walk 'n' Talk - podcast da Fluency - Walk 'n' Talk Essentials Espanhol #94 - E se a gente for ao Inti Raymi?","breadcrumb":{"@id":"https:\/\/fluency.io\/br\/blog\/walk-n-talk-espanhol-94-e-se-a-gente-for-ao-inti-raymi\/#breadcrumb"},"inLanguage":"pt-BR","potentialAction":[{"@type":"ReadAction","target":["https:\/\/fluency.io\/br\/blog\/walk-n-talk-espanhol-94-e-se-a-gente-for-ao-inti-raymi\/"]}]},{"@type":"ImageObject","inLanguage":"pt-BR","@id":"https:\/\/fluency.io\/br\/blog\/walk-n-talk-espanhol-94-e-se-a-gente-for-ao-inti-raymi\/#primaryimage","url":"https:\/\/fluency.io\/br\/wp-content\/uploads\/sites\/3\/2023\/12\/61e9a1b30064045f9af702a9_ESP_Walk-_n_-Talk_Essentials_94_THUMB_PORTAL-1.jpg","contentUrl":"https:\/\/fluency.io\/br\/wp-content\/uploads\/sites\/3\/2023\/12\/61e9a1b30064045f9af702a9_ESP_Walk-_n_-Talk_Essentials_94_THUMB_PORTAL-1.jpg","width":1210,"height":681,"caption":"fluency-academy"},{"@type":"BreadcrumbList","@id":"https:\/\/fluency.io\/br\/blog\/walk-n-talk-espanhol-94-e-se-a-gente-for-ao-inti-raymi\/#breadcrumb","itemListElement":[{"@type":"ListItem","position":1,"name":"Home","item":"https:\/\/fluency.io\/br\/"},{"@type":"ListItem","position":2,"name":"Walk &#8216;n&#8217; Talk Essentials Espanhol #94 &#8211; E se a gente for ao Inti Raymi?"}]},{"@type":"WebSite","@id":"https:\/\/fluency.io\/br\/#website","url":"https:\/\/fluency.io\/br\/","name":"Fluency Academy","description":"","potentialAction":[{"@type":"SearchAction","target":{"@type":"EntryPoint","urlTemplate":"https:\/\/fluency.io\/br\/?s={search_term_string}"},"query-input":{"@type":"PropertyValueSpecification","valueRequired":true,"valueName":"search_term_string"}}],"inLanguage":"pt-BR"},{"@type":"Person","@id":"https:\/\/fluency.io\/br\/#\/schema\/person\/395d83f1006a72bd4912230eea50ff6f","name":"marcelo","image":{"@type":"ImageObject","inLanguage":"pt-BR","@id":"https:\/\/fluency.io\/br\/#\/schema\/person\/image\/","url":"https:\/\/secure.gravatar.com\/avatar\/9050681441880d21ef4048d38965a107dc5b77bf302f57fa3939973bdafa41d8?s=96&d=mm&r=g","contentUrl":"https:\/\/secure.gravatar.com\/avatar\/9050681441880d21ef4048d38965a107dc5b77bf302f57fa3939973bdafa41d8?s=96&d=mm&r=g","caption":"marcelo"}}]}},"_links":{"self":[{"href":"https:\/\/fluency.io\/br\/wp-json\/wp\/v2\/posts\/65328","targetHints":{"allow":["GET"]}}],"collection":[{"href":"https:\/\/fluency.io\/br\/wp-json\/wp\/v2\/posts"}],"about":[{"href":"https:\/\/fluency.io\/br\/wp-json\/wp\/v2\/types\/post"}],"author":[{"embeddable":true,"href":"https:\/\/fluency.io\/br\/wp-json\/wp\/v2\/users\/6"}],"replies":[{"embeddable":true,"href":"https:\/\/fluency.io\/br\/wp-json\/wp\/v2\/comments?post=65328"}],"version-history":[{"count":1,"href":"https:\/\/fluency.io\/br\/wp-json\/wp\/v2\/posts\/65328\/revisions"}],"predecessor-version":[{"id":69265,"href":"https:\/\/fluency.io\/br\/wp-json\/wp\/v2\/posts\/65328\/revisions\/69265"}],"wp:featuredmedia":[{"embeddable":true,"href":"https:\/\/fluency.io\/br\/wp-json\/wp\/v2\/media\/65329"}],"wp:attachment":[{"href":"https:\/\/fluency.io\/br\/wp-json\/wp\/v2\/media?parent=65328"}],"wp:term":[{"taxonomy":"category","embeddable":true,"href":"https:\/\/fluency.io\/br\/wp-json\/wp\/v2\/categories?post=65328"},{"taxonomy":"post_tag","embeddable":true,"href":"https:\/\/fluency.io\/br\/wp-json\/wp\/v2\/tags?post=65328"},{"taxonomy":"format","embeddable":true,"href":"https:\/\/fluency.io\/br\/wp-json\/wp\/v2\/format?post=65328"},{"taxonomy":"trilha","embeddable":true,"href":"https:\/\/fluency.io\/br\/wp-json\/wp\/v2\/trilha?post=65328"}],"curies":[{"name":"wp","href":"https:\/\/api.w.org\/{rel}","templated":true}]}}