{"id":69854,"date":"2023-12-21T20:33:24","date_gmt":"2023-12-21T20:33:24","guid":{"rendered":"https:\/\/fluency.io\/br\/blog\/dias-da-semana-em-frances\/"},"modified":"2026-08-18T10:03:31","modified_gmt":"2026-08-18T13:03:31","slug":"dias-da-semana-em-frances","status":"publish","type":"post","link":"https:\/\/fluency.io\/br\/blog\/dias-da-semana-em-frances\/","title":{"rendered":"Dias da semana em franc\u00eas: aprenda nomes e pron\u00fancia"},"content":{"rendered":"<p>Os <strong>dias da semana em franc\u00eas<\/strong> s\u00e3o <em>lundi<\/em> (segunda-feira), <em>mardi<\/em> (ter\u00e7a-feira), <em>mercredi<\/em> (quarta-feira), <em>jeudi<\/em> (quinta-feira), <em>vendredi<\/em> (sexta-feira), <em>samedi<\/em> (s\u00e1bado) e <em>dimanche<\/em> (domingo). Al\u00e9m de memorizar esses sete nomes, \u00e9 importante entender a pron\u00fancia, quando usar artigos como <em>le<\/em> e <em>les<\/em>, como falar sobre compromissos recorrentes e como combinar os dias com hor\u00e1rios e datas.<\/p>\n<p>Esse vocabul\u00e1rio aparece constantemente em conversas sobre trabalho, estudos, viagens, consultas, reservas e atividades da rotina. Por isso, aprender apenas uma lista de palavras n\u00e3o \u00e9 suficiente. O ideal \u00e9 saber construir frases como <em>Je travaille lundi<\/em> (Eu trabalho na segunda-feira), <em>Le lundi, je vais \u00e0 la salle de sport<\/em> (\u00c0s segundas-feiras, vou \u00e0 academia) e <em>\u00c0 lundi !<\/em> (At\u00e9 segunda!).<\/p>\n<p>Ao longo deste conte\u00fado, voc\u00ea vai aprender a escrever e pronunciar os sete dias, entender diferen\u00e7as importantes entre o franc\u00eas e o portugu\u00eas e praticar estruturas que realmente aparecem no idioma.<\/p>\n<h2>Quais s\u00e3o os nomes dos dias em franc\u00eas?<\/h2>\n<p>O franc\u00eas possui sete nomes para os dias da semana. Embora sejam semelhantes a palavras de outras l\u00ednguas de origem latina, algumas grafias e pron\u00fancias podem causar d\u00favidas no in\u00edcio.<\/p>\n<p>Veja:<\/p>\n<table>\n<thead>\n<tr>\n<th>Portugu\u00eas<\/th>\n<th>Franc\u00eas<\/th>\n<th>Pron\u00fancia aproximada<\/th>\n<\/tr>\n<\/thead>\n<tbody>\n<tr>\n<td>Segunda-feira<\/td>\n<td>lundi<\/td>\n<td>l\u00e3-di<\/td>\n<\/tr>\n<tr>\n<td>Ter\u00e7a-feira<\/td>\n<td>mardi<\/td>\n<td>mar-di<\/td>\n<\/tr>\n<tr>\n<td>Quarta-feira<\/td>\n<td>mercredi<\/td>\n<td>m\u00e9r-cr\u0259-di<\/td>\n<\/tr>\n<tr>\n<td>Quinta-feira<\/td>\n<td>jeudi<\/td>\n<td>j\u00f8-di<\/td>\n<\/tr>\n<tr>\n<td>Sexta-feira<\/td>\n<td>vendredi<\/td>\n<td>v\u00e3-dr\u0259-di<\/td>\n<\/tr>\n<tr>\n<td>S\u00e1bado<\/td>\n<td>samedi<\/td>\n<td>sam-di<\/td>\n<\/tr>\n<tr>\n<td>Domingo<\/td>\n<td>dimanche<\/td>\n<td>di-m\u00e3nsh<\/td>\n<\/tr>\n<\/tbody>\n<\/table>\n<p>Uma diferen\u00e7a importante em rela\u00e7\u00e3o ao portugu\u00eas est\u00e1 na escrita. Em franc\u00eas, os nomes dos dias normalmente come\u00e7am com letra min\u00fascula.<\/p>\n<p>Por exemplo:<\/p>\n<p><strong>Je travaille lundi.<\/strong><\/p>\n<p>Eu trabalho na segunda-feira.<\/p>\n<p>N\u00e3o \u00e9 necess\u00e1rio escrever <em>Lundi<\/em> com letra mai\u00fascula apenas por ser o nome de um dia. A mai\u00fascula aparece quando a palavra inicia uma frase, seguindo a regra normal de escrita.<\/p>\n<p>Todos os nomes dos dias tamb\u00e9m s\u00e3o substantivos masculinos. Por isso, quando houver artigo, utiliza-se <em>le<\/em> ou <em>les<\/em>.<\/p>\n<p>Veja quatro exemplos:<\/p>\n<ol>\n<li><strong>Je vais \u00e0 Paris lundi.<br \/>\n<\/strong><\/p>\n<audio class=\"wp-audio-shortcode\" id=\"audio-69854-1\" preload=\"none\" style=\"width: 100%;\" controls=\"controls\"><source type=\"audio\/mpeg\" src=\"https:\/\/fluency.io\/br\/wp-content\/uploads\/sites\/3\/2023\/12\/Je-vais-a-Paris-lundi.mp3?_=1\" \/><a href=\"https:\/\/fluency.io\/br\/wp-content\/uploads\/sites\/3\/2023\/12\/Je-vais-a-Paris-lundi.mp3\">https:\/\/fluency.io\/br\/wp-content\/uploads\/sites\/3\/2023\/12\/Je-vais-a-Paris-lundi.mp3<\/a><\/audio>\n<p>Eu vou a Paris na segunda-feira.<\/li>\n<li><strong>Nous avons un cours mardi.<\/strong><br \/>\nN\u00f3s temos uma aula na ter\u00e7a-feira.<\/li>\n<li><strong>Elle travaille samedi.<\/strong><br \/>\nEla trabalha no s\u00e1bado.<\/li>\n<li><strong>Le magasin est ferm\u00e9 dimanche.<\/strong><br \/>\nA loja est\u00e1 fechada no domingo.<\/li>\n<\/ol>\n<p>Conhecer essa lista \u00e9 o primeiro passo, mas vale associ\u00e1-la a outros elementos do calend\u00e1rio. Depois de aprender os sete nomes, voc\u00ea pode ampliar o vocabul\u00e1rio estudando tamb\u00e9m os <a href=\"https:\/\/fluency.io\/br\/blog\/meses-em-frances\/\">meses em franc\u00eas<\/a>, especialmente para conseguir informar datas completas.<\/p>\n<h2>Como pronunciar corretamente cada dia?<\/h2>\n<p>A escrita do franc\u00eas nem sempre mostra claramente todos os sons que ser\u00e3o pronunciados. Por isso, observar cada palavra separadamente ajuda bastante.<\/p>\n<h3>Lundi<\/h3>\n<p><em>Lundi<\/em> significa segunda-feira. A primeira s\u00edlaba possui um som nasal que n\u00e3o corresponde exatamente ao portugu\u00eas.<\/p>\n<p>Pron\u00fancia aproximada: <strong>l\u00e3-di<\/strong>.<\/p>\n<h3>Mardi<\/h3>\n<p><em>Mardi<\/em> significa ter\u00e7a-feira.<\/p>\n<p>Pron\u00fancia aproximada: <strong>mar-di<\/strong>.<\/p>\n<p>O <em>r<\/em> franc\u00eas costuma ser produzido na regi\u00e3o posterior da boca, diferentemente do <em>r<\/em> vibrante encontrado em algumas variedades do portugu\u00eas.<\/p>\n<h3>Mercredi<\/h3>\n<p><em>Mercredi<\/em> significa quarta-feira.<\/p>\n<p>Pron\u00fancia aproximada: <strong>m\u00e9r-cr\u0259-di<\/strong>.<\/p>\n<p>Em uma fala r\u00e1pida, alguns sons internos podem ficar menos marcados.<\/p>\n<h3>Jeudi<\/h3>\n<p><em>Jeudi<\/em> significa quinta-feira.<\/p>\n<p>Pron\u00fancia aproximada: <strong>j\u00f8-di<\/strong>.<\/p>\n<p>O primeiro som de <em>jeudi<\/em> n\u00e3o possui um equivalente exato em portugu\u00eas. \u00c9 importante ouvir falantes nativos e repetir a palavra para desenvolver essa vogal.<\/p>\n<h3>Vendredi<\/h3>\n<p><em>Vendredi<\/em> significa sexta-feira.<\/p>\n<p>Pron\u00fancia aproximada: <strong>v\u00e3-dr\u0259-di<\/strong>.<\/p>\n<p>O come\u00e7o da palavra apresenta uma vogal nasal.<\/p>\n<h3>Samedi<\/h3>\n<p><em>Samedi<\/em> significa s\u00e1bado.<\/p>\n<p>Pron\u00fancia aproximada: <strong>sam-di<\/strong>.<\/p>\n<p>Na fala natural, a vogal intermedi\u00e1ria pode ser reduzida, fazendo a palavra soar mais pr\u00f3xima de <em>samdi<\/em>.<\/p>\n<h3>Dimanche<\/h3>\n<p><em>Dimanche<\/em> significa domingo.<\/p>\n<p>Pron\u00fancia aproximada: <strong>di-m\u00e3nsh<\/strong>.<\/p>\n<p>O final <em>che<\/em> produz som semelhante ao <em>ch<\/em> de palavras portuguesas como \u201cch\u00e1\u201d.<\/p>\n<p>Pratique com frases completas:<\/p>\n<ol>\n<li><strong>Lundi, je commence un nouveau travail.<\/strong><br \/>\nNa segunda-feira, come\u00e7o um novo trabalho.<\/li>\n<li><strong>Mercredi, nous d\u00e9jeunons ensemble.<\/strong><br \/>\nNa quarta-feira, almo\u00e7amos juntos.<\/li>\n<li><strong>Vendredi, ils vont au cin\u00e9ma.<\/strong><br \/>\nNa sexta-feira, eles v\u00e3o ao cinema.<\/li>\n<li><strong>Dimanche, je reste \u00e0 la maison.<\/strong><br \/>\nNo domingo, fico em casa.<\/li>\n<\/ol>\n<p>Em vez de praticar apenas palavras isoladas, repita frases inteiras. Isso ajuda a aprender a pron\u00fancia dentro do ritmo normal do franc\u00eas.<\/p>\n<h2>Como usar os dias em frases?<\/h2>\n<p>Uma das principais diferen\u00e7as entre franc\u00eas e portugu\u00eas aparece quando falamos sobre um dia espec\u00edfico.<\/p>\n<p>No portugu\u00eas, dizemos normalmente \u201cna segunda-feira\u201d, usando uma preposi\u00e7\u00e3o combinada com artigo. Em franc\u00eas, quando falamos de uma segunda-feira espec\u00edfica, geralmente podemos usar apenas <em>lundi<\/em>.<\/p>\n<p>Observe:<\/p>\n<p><strong>Je pars lundi.<\/strong><\/p>\n<p>Eu parto na segunda-feira.<\/p>\n<p>N\u00e3o seria necess\u00e1rio acrescentar uma palavra equivalente ao nosso \u201cna\u201d.<\/p>\n<p>A mesma estrutura funciona com os demais dias:<\/p>\n<p><strong>Nous arrivons mardi.<\/strong><\/p>\n<p>Chegamos na ter\u00e7a-feira.<\/p>\n<p><strong>Le cours commence mercredi.<\/strong><\/p>\n<p>A aula come\u00e7a na quarta-feira.<\/p>\n<p>Essa constru\u00e7\u00e3o \u00e9 especialmente comum quando o contexto deixa claro de qual semana estamos falando.<\/p>\n<p>Veja mais quatro exemplos:<\/p>\n<ol>\n<li><strong>Je vais chez le m\u00e9decin jeudi.<\/strong><br \/>\nVou ao m\u00e9dico na quinta-feira.<\/li>\n<li><strong>On se voit vendredi ?<\/strong><br \/>\nA gente se encontra na sexta-feira?<\/li>\n<li><strong>Nous partons samedi matin.<\/strong><br \/>\nN\u00f3s partimos no s\u00e1bado de manh\u00e3.<\/li>\n<li><strong>Ils reviennent dimanche soir.<\/strong><br \/>\nEles voltam no domingo \u00e0 noite.<\/li>\n<\/ol>\n<p>Tamb\u00e9m \u00e9 poss\u00edvel combinar o dia diretamente com per\u00edodos como <em>matin<\/em> (manh\u00e3), <em>apr\u00e8s-midi<\/em> (tarde) e <em>soir<\/em> (noite).<\/p>\n<p>Por exemplo:<\/p>\n<p><strong>mardi matin<\/strong><br \/>\nter\u00e7a-feira de manh\u00e3<\/p>\n<p><strong>jeudi apr\u00e8s-midi<\/strong><br \/>\nquinta-feira \u00e0 tarde<\/p>\n<p><strong>vendredi soir<\/strong><br \/>\nsexta-feira \u00e0 noite<\/p>\n<p>Quando o hor\u00e1rio tamb\u00e9m precisa ser informado, o vocabul\u00e1rio come\u00e7a a se conectar. Para aprofundar esse ponto, vale estudar tamb\u00e9m como dizer o <a href=\"https:\/\/fluency.io\/br\/blog\/horario-em-franca-como-falar\/\">hor\u00e1rio em franc\u00eas<\/a>.<\/p>\n<h2>Quando usar le, les e tous les com os dias?<\/h2>\n<p>Essa \u00e9 uma das partes mais importantes do assunto.<\/p>\n<p>Quando voc\u00ea diz apenas <em>lundi<\/em>, normalmente est\u00e1 falando de uma segunda-feira espec\u00edfica.<\/p>\n<p><strong>Je travaille lundi.<\/strong><\/p>\n<p>Eu trabalho na segunda-feira.<\/p>\n<p>J\u00e1 a constru\u00e7\u00e3o <em>le lundi<\/em> pode indicar uma atividade habitual, algo que acontece regularmente \u00e0s segundas-feiras.<\/p>\n<p><strong>Le lundi, je travaille \u00e0 la maison.<\/strong><\/p>\n<p>\u00c0s segundas-feiras, trabalho em casa.<\/p>\n<p>A diferen\u00e7a fica mais clara comparando:<\/p>\n<p><strong>Je vais au bureau lundi.<\/strong><\/p>\n<p>Vou ao escrit\u00f3rio na segunda-feira.<\/p>\n<p>Aqui estamos falando de uma segunda espec\u00edfica.<\/p>\n<p><strong>Le lundi, je vais au bureau.<\/strong><\/p>\n<p>\u00c0s segundas-feiras, vou ao escrit\u00f3rio.<\/p>\n<p>Aqui estamos descrevendo uma rotina.<\/p>\n<p>Outra possibilidade \u00e9 utilizar <em>tous les<\/em>, que significa \u201ctodos os\u201d ou \u201ctodas as\u201d.<\/p>\n<p><strong>Tous les lundis<\/strong><\/p>\n<p>Todas as segundas-feiras.<\/p>\n<p><strong>Tous les samedis<\/strong><\/p>\n<p>Todos os s\u00e1bados.<\/p>\n<p>Observe quatro exemplos:<\/p>\n<ol>\n<li><strong>Le mardi, elle fait du yoga.<\/strong><br \/>\n\u00c0s ter\u00e7as-feiras, ela pratica ioga.<\/li>\n<li><strong>Tous les mercredis, nous avons une r\u00e9union.<\/strong><br \/>\nTodas as quartas-feiras, temos uma reuni\u00e3o.<\/li>\n<li><strong>Le vendredi, je termine plus t\u00f4t.<\/strong><br \/>\n\u00c0s sextas-feiras, termino mais cedo.<\/li>\n<li><strong>Tous les dimanches, ils d\u00e9jeunent chez leurs parents.<\/strong><br \/>\nTodos os domingos, eles almo\u00e7am na casa dos pais.<\/li>\n<\/ol>\n<p>Os nomes dos dias tamb\u00e9m podem ir para o plural. Na escrita, normalmente acrescentamos <em>s<\/em>:<\/p>\n<p><em>lundi<\/em> \u2192 <em>lundis<\/em><\/p>\n<p><em>mardi<\/em> \u2192 <em>mardis<\/em><\/p>\n<p><em>samedi<\/em> \u2192 <em>samedis<\/em><\/p>\n<p>Esse <em>s<\/em> final normalmente n\u00e3o \u00e9 pronunciado.<\/p>\n<p>Tamb\u00e9m existe a estrutura <em>chaque + dia<\/em>, equivalente a \u201ccada\u201d.<\/p>\n<p><strong>Chaque lundi, nous avons une r\u00e9union.<\/strong><\/p>\n<p>Toda segunda-feira temos uma reuni\u00e3o.<\/p>\n<p><strong>Chaque vendredi, je cuisine.<\/strong><\/p>\n<p>Toda sexta-feira eu cozinho.<\/p>\n<p>Portanto, tr\u00eas constru\u00e7\u00f5es podem aparecer em situa\u00e7\u00f5es semelhantes:<\/p>\n<p><strong>le lundi<\/strong><\/p>\n<p>\u00e0s segundas-feiras<\/p>\n<p><strong>tous les lundis<\/strong><\/p>\n<p>todas as segundas-feiras<\/p>\n<p><strong>chaque lundi<\/strong><\/p>\n<p>a cada segunda-feira ou toda segunda-feira<\/p>\n<p>Entender essas diferen\u00e7as evita tradu\u00e7\u00f5es muito literais do portugu\u00eas.<\/p>\n<h2>Como falar de per\u00edodos entre dois dias?<\/h2>\n<p>Outra estrutura muito frequente \u00e9 indicar um intervalo, como \u201cde segunda a sexta\u201d.<\/p>\n<p>Em franc\u00eas, usamos normalmente:<\/p>\n<p><strong>du lundi au vendredi<\/strong><\/p>\n<p>de segunda-feira a sexta-feira<\/p>\n<p><em>Du<\/em> resulta da combina\u00e7\u00e3o de <em>de + le<\/em>, enquanto <em>au<\/em> resulta de <em>\u00e0 + le<\/em>.<\/p>\n<p>A estrutura b\u00e1sica \u00e9:<\/p>\n<p><strong>du + dia + au + dia<\/strong><\/p>\n<p>Veja:<\/p>\n<p><strong>du lundi au vendredi<\/strong><\/p>\n<p>de segunda a sexta<\/p>\n<p><strong>du mardi au samedi<\/strong><\/p>\n<p>de ter\u00e7a a s\u00e1bado<\/p>\n<p>Essa constru\u00e7\u00e3o aparece bastante em placas, hor\u00e1rios comerciais, escolas, empresas e servi\u00e7os.<\/p>\n<p>Exemplos:<\/p>\n<ol>\n<li><strong>Nous travaillons du lundi au vendredi.<\/strong><br \/>\nN\u00f3s trabalhamos de segunda a sexta-feira.<\/li>\n<li><strong>Le restaurant est ouvert du mardi au dimanche.<\/strong><br \/>\nO restaurante fica aberto de ter\u00e7a-feira a domingo.<\/li>\n<li><strong>Les cours ont lieu du lundi au jeudi.<\/strong><br \/>\nAs aulas acontecem de segunda a quinta-feira.<\/li>\n<li><strong>Je serai \u00e0 Paris du vendredi au dimanche.<\/strong><br \/>\nEstarei em Paris de sexta-feira a domingo.<\/li>\n<\/ol>\n<p>Tamb\u00e9m podemos utilizar estruturas como <em>jusqu&#8217;\u00e0<\/em> para indicar \u201cat\u00e9\u201d.<\/p>\n<p><strong>Je reste ici jusqu&#8217;\u00e0 lundi.<\/strong><\/p>\n<p>Eu fico aqui at\u00e9 segunda-feira.<\/p>\n<p>Outra possibilidade \u00e9 <em>d\u00e8s<\/em>, com sentido de \u201ca partir de\u201d.<\/p>\n<p><strong>Je commence d\u00e8s lundi.<\/strong><\/p>\n<p>Eu come\u00e7o j\u00e1 na segunda-feira ou a partir de segunda-feira.<\/p>\n<p>Essas pequenas palavras s\u00e3o essenciais para falar sobre per\u00edodos com precis\u00e3o.<\/p>\n<h2>Como falar desta, da pr\u00f3xima e da \u00faltima semana?<\/h2>\n<p>Imagine que algu\u00e9m diga apenas:<\/p>\n<p><strong>Je pars lundi.<\/strong><\/p>\n<p>A pessoa provavelmente entender\u00e1 pelo contexto qual segunda-feira est\u00e1 sendo mencionada. No entanto, nem sempre isso \u00e9 suficiente.<\/p>\n<p>\u00c9 poss\u00edvel especificar melhor o momento utilizando palavras como <em>prochain<\/em> e <em>dernier<\/em>.<\/p>\n<h3>Como dizer pr\u00f3xima segunda-feira?<\/h3>\n<p>Use:<\/p>\n<p><strong>lundi prochain<\/strong><\/p>\n<p>pr\u00f3xima segunda-feira<\/p>\n<p>O mesmo padr\u00e3o vale para os outros dias:<\/p>\n<p><strong>mardi prochain<\/strong><\/p>\n<p>pr\u00f3xima ter\u00e7a-feira<\/p>\n<p><strong>vendredi prochain<\/strong><\/p>\n<p>pr\u00f3xima sexta-feira<\/p>\n<h3>Como dizer segunda-feira passada?<\/h3>\n<p>Use:<\/p>\n<p><strong>lundi dernier<\/strong><\/p>\n<p>segunda-feira passada<\/p>\n<p>Tamb\u00e9m podemos dizer:<\/p>\n<p><strong>samedi dernier<\/strong><\/p>\n<p>s\u00e1bado passado<\/p>\n<p><strong>dimanche dernier<\/strong><\/p>\n<p>domingo passado<\/p>\n<p>Veja quatro exemplos:<\/p>\n<ol>\n<li><strong>Je commence le cours lundi prochain.<\/strong><br \/>\nEu come\u00e7o o curso na pr\u00f3xima segunda-feira.<\/li>\n<li><strong>Nous avons voyag\u00e9 samedi dernier.<\/strong><br \/>\nN\u00f3s viajamos no s\u00e1bado passado.<\/li>\n<li><strong>Elle revient mardi prochain.<\/strong><br \/>\nEla volta na pr\u00f3xima ter\u00e7a-feira.<\/li>\n<li><strong>Je l&#8217;ai rencontr\u00e9 vendredi dernier.<\/strong><br \/>\nEu o encontrei na sexta-feira passada.<\/li>\n<\/ol>\n<p>Outra constru\u00e7\u00e3o importante \u00e9 <em>ce + dia<\/em>, equivalente a \u201cnesta\u201d ou \u201cneste\u201d.<\/p>\n<p><strong>ce lundi<\/strong><\/p>\n<p>nesta segunda-feira<\/p>\n<p><strong>ce mercredi<\/strong><\/p>\n<p>nesta quarta-feira<\/p>\n<p><strong>ce dimanche<\/strong><\/p>\n<p>neste domingo<\/p>\n<p>Por exemplo:<\/p>\n<p><strong>Tu es libre ce vendredi ?<\/strong><\/p>\n<p>Voc\u00ea est\u00e1 livre nesta sexta-feira?<\/p>\n<p>Essas estruturas s\u00e3o muito \u00fateis durante uma conversa. Saber combin\u00e1-las com apresenta\u00e7\u00f5es, perguntas e cumprimentos tamb\u00e9m ajuda a tornar o di\u00e1logo mais natural. Para revisar essas situa\u00e7\u00f5es, consulte o conte\u00fado sobre <a href=\"https:\/\/fluency.io\/br\/blog\/como-se-apresentar-em-frances-2\/\">como se apresentar em franc\u00eas<\/a>.<\/p>\n<h2>Como combinar dias, datas e n\u00fameros?<\/h2>\n<p>Ao informar uma data completa em franc\u00eas, podemos combinar o nome do dia, o n\u00famero e o m\u00eas.<\/p>\n<p>Um formato poss\u00edvel \u00e9:<\/p>\n<p><strong>lundi 18 ao\u00fbt<\/strong><\/p>\n<p>segunda-feira, 18 de agosto<\/p>\n<p>Observe que o franc\u00eas normalmente n\u00e3o precisa da mesma quantidade de preposi\u00e7\u00f5es usada em portugu\u00eas.<\/p>\n<p>Tamb\u00e9m n\u00e3o \u00e9 necess\u00e1rio colocar uma v\u00edrgula obrigatoriamente entre o dia da semana e a data.<\/p>\n<p>Compare:<\/p>\n<p><strong>mardi 12 mai<\/strong><\/p>\n<p>ter\u00e7a-feira, 12 de maio<\/p>\n<p><strong>vendredi 23 octobre<\/strong><\/p>\n<p>sexta-feira, 23 de outubro<\/p>\n<p>Para entender datas, naturalmente voc\u00ea precisar\u00e1 dominar tamb\u00e9m os <a href=\"https:\/\/fluency.io\/br\/blog\/numeros-em-frances\/\">n\u00fameros em franc\u00eas<\/a>.<\/p>\n<p>Veja quatro exemplos:<\/p>\n<ol>\n<li><strong>La r\u00e9union aura lieu lundi 10 septembre.<\/strong><br \/>\nA reuni\u00e3o acontecer\u00e1 na segunda-feira, 10 de setembro.<\/li>\n<li><strong>Nous partons jeudi 15 juillet.<\/strong><br \/>\nN\u00f3s partimos na quinta-feira, 15 de julho.<\/li>\n<li><strong>Le cours commence mardi 3 mars.<\/strong><br \/>\nO curso come\u00e7a na ter\u00e7a-feira, 3 de mar\u00e7o.<\/li>\n<li><strong>Mon rendez-vous est vendredi 21 novembre.<\/strong><br \/>\nMinha consulta \u00e9 na sexta-feira, 21 de novembro.<\/li>\n<\/ol>\n<p>Quando queremos perguntar a data, podemos usar:<\/p>\n<p><strong>Quelle est la date aujourd&#8217;hui ?<\/strong><\/p>\n<p>Qual \u00e9 a data de hoje?<\/p>\n<p>Outra pergunta poss\u00edvel \u00e9:<\/p>\n<p><strong>Quel jour sommes-nous ?<\/strong><\/p>\n<p>Que dia \u00e9 hoje?<\/p>\n<p>Uma resposta pode ser:<\/p>\n<p><strong>Nous sommes mardi.<\/strong><\/p>\n<p>Hoje \u00e9 ter\u00e7a-feira.<\/p>\n<p>Ou, com uma data completa:<\/p>\n<p><strong>Nous sommes mardi 18 ao\u00fbt.<\/strong><\/p>\n<p>Hoje \u00e9 ter\u00e7a-feira, 18 de agosto.<\/p>\n<p>Vale prestar aten\u00e7\u00e3o tamb\u00e9m ao primeiro dia do m\u00eas. Em franc\u00eas, normalmente utilizamos <em>premier<\/em> na forma abreviada <em>1er<\/em>.<\/p>\n<p><strong>Nous sommes le 1er juin.<\/strong><\/p>\n<p>Hoje \u00e9 primeiro de junho.<\/p>\n<p>A partir do dia 2, utilizamos normalmente os n\u00fameros cardinais:<\/p>\n<p><strong>le 2 juin<\/strong><\/p>\n<p>2 de junho<\/p>\n<p><strong>le 15 juin<\/strong><\/p>\n<p>15 de junho<\/p>\n<h2>Quais express\u00f5es com dias s\u00e3o usadas na rotina?<\/h2>\n<p>Depois de aprender os nomes, \u00e9 importante dominar palavras que posicionam acontecimentos no tempo.<\/p>\n<p>Algumas das principais s\u00e3o:<\/p>\n<table>\n<thead>\n<tr>\n<th>Franc\u00eas<\/th>\n<th>Portugu\u00eas<\/th>\n<\/tr>\n<\/thead>\n<tbody>\n<tr>\n<td>aujourd&#8217;hui<\/td>\n<td>hoje<\/td>\n<\/tr>\n<tr>\n<td>hier<\/td>\n<td>ontem<\/td>\n<\/tr>\n<tr>\n<td>demain<\/td>\n<td>amanh\u00e3<\/td>\n<\/tr>\n<tr>\n<td>avant-hier<\/td>\n<td>anteontem<\/td>\n<\/tr>\n<tr>\n<td>apr\u00e8s-demain<\/td>\n<td>depois de amanh\u00e3<\/td>\n<\/tr>\n<tr>\n<td>cette semaine<\/td>\n<td>esta semana<\/td>\n<\/tr>\n<tr>\n<td>la semaine prochaine<\/td>\n<td>semana que vem<\/td>\n<\/tr>\n<tr>\n<td>la semaine derni\u00e8re<\/td>\n<td>semana passada<\/td>\n<\/tr>\n<tr>\n<td>le week-end<\/td>\n<td>fim de semana<\/td>\n<\/tr>\n<\/tbody>\n<\/table>\n<p>Com essas palavras, voc\u00ea consegue criar frases muito mais espec\u00edficas.<\/p>\n<p>Por exemplo:<\/p>\n<p><strong>Aujourd&#8217;hui, nous sommes lundi.<\/strong><\/p>\n<p>Hoje \u00e9 segunda-feira.<\/p>\n<p><strong>Demain, nous serons mardi.<\/strong><\/p>\n<p>Amanh\u00e3 ser\u00e1 ter\u00e7a-feira.<\/p>\n<p><strong>Hier, c&#8217;\u00e9tait dimanche.<\/strong><\/p>\n<p>Ontem foi domingo.<\/p>\n<p>Veja quatro exemplos em contexto:<\/p>\n<ol>\n<li><strong>Aujourd&#8217;hui, c&#8217;est mercredi et je travaille \u00e0 la maison.<\/strong><br \/>\nHoje \u00e9 quarta-feira e eu trabalho em casa.<\/li>\n<li><strong>Demain, jeudi, nous avons un examen.<\/strong><br \/>\nAmanh\u00e3, quinta-feira, temos uma prova.<\/li>\n<li><strong>Hier, mardi, j&#8217;ai rencontr\u00e9 mes amis.<\/strong><br \/>\nOntem, ter\u00e7a-feira, encontrei meus amigos.<\/li>\n<li><strong>Apr\u00e8s-demain, samedi, nous allons voyager.<\/strong><br \/>\nDepois de amanh\u00e3, s\u00e1bado, n\u00f3s vamos viajar.<\/li>\n<\/ol>\n<p>Outra express\u00e3o extremamente \u00fatil \u00e9:<\/p>\n<p><strong>\u00c0 lundi !<\/strong><\/p>\n<p>At\u00e9 segunda-feira!<\/p>\n<p>Basta substituir o nome:<\/p>\n<p><strong>\u00c0 mardi !<\/strong><\/p>\n<p>At\u00e9 ter\u00e7a-feira!<\/p>\n<p><strong>\u00c0 demain !<\/strong><\/p>\n<p>At\u00e9 amanh\u00e3!<\/p>\n<p>Essa estrutura aparece principalmente quando as pessoas j\u00e1 sabem quando voltar\u00e3o a se encontrar.<\/p>\n<h2>Quais s\u00e3o os erros mais comuns ao usar os dias?<\/h2>\n<p>Alguns erros aparecem com frequ\u00eancia entre brasileiros porque determinadas estruturas do portugu\u00eas n\u00e3o podem ser transferidas diretamente para o franc\u00eas.<\/p>\n<h3>Escrever todos os dias com letra mai\u00fascula<\/h3>\n<p>Em franc\u00eas, o normal \u00e9 escrever:<\/p>\n<p><strong>lundi<\/strong><\/p>\n<p><strong>mardi<\/strong><\/p>\n<p><strong>mercredi<\/strong><\/p>\n<p>e n\u00e3o:<\/p>\n<p><strong>Lundi<\/strong><\/p>\n<p><strong>Mardi<\/strong><\/p>\n<p><strong>Mercredi<\/strong><\/p>\n<p>A mai\u00fascula deve aparecer quando a palavra inicia a frase.<\/p>\n<h3>Usar uma preposi\u00e7\u00e3o desnecess\u00e1ria<\/h3>\n<p>Para dizer \u201cvou na segunda-feira\u201d, n\u00e3o precisamos procurar uma tradu\u00e7\u00e3o direta para \u201cna\u201d.<\/p>\n<p>Correto:<\/p>\n<p><strong>Je vais \u00e0 Paris lundi.<\/strong><\/p>\n<p>Eu vou a Paris na segunda-feira.<\/p>\n<h3>Confundir um dia espec\u00edfico com uma rotina<\/h3>\n<p>Compare novamente:<\/p>\n<p><strong>Je travaille samedi.<\/strong><\/p>\n<p>Eu trabalho no s\u00e1bado.<\/p>\n<p>A frase normalmente se refere a um s\u00e1bado espec\u00edfico.<\/p>\n<p><strong>Le samedi, je travaille.<\/strong><\/p>\n<p>Aos s\u00e1bados eu trabalho.<\/p>\n<p>Aqui existe uma ideia de h\u00e1bito.<\/p>\n<h3>Colocar artigo em todas as frases<\/h3>\n<p>O fato de <em>lundi<\/em>, <em>mardi<\/em> e os demais serem substantivos masculinos n\u00e3o significa que precisam aparecer sempre com <em>le<\/em>.<\/p>\n<p>Veja quatro exemplos corretos:<\/p>\n<ol>\n<li><strong>Je pars mercredi.<\/strong><br \/>\nEu parto na quarta-feira.<\/li>\n<li><strong>Le mercredi, je travaille chez moi.<\/strong><br \/>\n\u00c0s quartas-feiras, trabalho em casa.<\/li>\n<li><strong>Tous les vendredis, nous sortons ensemble.<\/strong><br \/>\nTodas as sextas-feiras, sa\u00edmos juntos.<\/li>\n<li><strong>\u00c0 dimanche !<\/strong><br \/>\nAt\u00e9 domingo!<\/li>\n<\/ol>\n<p>A presen\u00e7a ou aus\u00eancia do artigo muda a interpreta\u00e7\u00e3o da frase. Por isso, vale aprender o vocabul\u00e1rio sempre dentro de estruturas completas.<\/p>\n<h2>Como memorizar os sete dias com mais facilidade?<\/h2>\n<p>Memoriza\u00e7\u00e3o funciona melhor quando cada palavra \u00e9 associada a uma situa\u00e7\u00e3o concreta.<\/p>\n<p>Em vez de repetir apenas:<\/p>\n<p><em>lundi, mardi, mercredi, jeudi, vendredi, samedi, dimanche<\/em><\/p>\n<p>experimente criar uma agenda fict\u00edcia em franc\u00eas.<\/p>\n<p>Por exemplo:<\/p>\n<p><strong>Lundi, j&#8217;\u00e9tudie le fran\u00e7ais.<\/strong><\/p>\n<p>Na segunda-feira, estudo franc\u00eas.<\/p>\n<p><strong>Mardi, je vais \u00e0 la salle de sport.<\/strong><\/p>\n<p>Na ter\u00e7a-feira, vou \u00e0 academia.<\/p>\n<p><strong>Mercredi, je travaille \u00e0 la maison.<\/strong><\/p>\n<p>Na quarta-feira, trabalho em casa.<\/p>\n<p>Depois, continue at\u00e9 domingo.<\/p>\n<p>Outra estrat\u00e9gia \u00e9 observar o calend\u00e1rio do celular e tentar dizer mentalmente o dia em franc\u00eas todas as manh\u00e3s.<\/p>\n<p>Voc\u00ea pode perguntar:<\/p>\n<p><strong>Quel jour sommes-nous aujourd&#8217;hui ?<\/strong><\/p>\n<p>Que dia \u00e9 hoje?<\/p>\n<p>Em seguida, responda:<\/p>\n<p><strong>Nous sommes jeudi.<\/strong><\/p>\n<p>Hoje \u00e9 quinta-feira.<\/p>\n<p>Tamb\u00e9m vale praticar quatro estruturas diferentes com o mesmo dia:<\/p>\n<ol>\n<li><strong>Je travaille lundi.<\/strong><br \/>\nEu trabalho na segunda-feira.<\/li>\n<li><strong>Le lundi, je travaille chez moi.<\/strong><br \/>\n\u00c0s segundas-feiras, trabalho em casa.<\/li>\n<li><strong>Lundi prochain, je vais voyager.<\/strong><br \/>\nNa pr\u00f3xima segunda-feira, vou viajar.<\/li>\n<li><strong>\u00c0 lundi !<\/strong><br \/>\nAt\u00e9 segunda-feira!<\/li>\n<\/ol>\n<p>Esse exerc\u00edcio permite aprender, ao mesmo tempo, o vocabul\u00e1rio e as estruturas gramaticais associadas a ele.<\/p>\n<p>Outra possibilidade \u00e9 montar frases com atividades da sua vida real. Quanto mais espec\u00edfica for a frase, mais f\u00e1cil ser\u00e1 recuperar aquela palavra durante uma conversa.<\/p>\n<p>Quem deseja desenvolver vocabul\u00e1rio, compreens\u00e3o, pron\u00fancia e conversa\u00e7\u00e3o de forma estruturada tamb\u00e9m pode conhecer o <a href=\"https:\/\/fluency.io\/br\/cursos\/frances\/\">curso de franc\u00eas online<\/a> da Fluency.<\/p>\n<h2>Perguntas frequentes<\/h2>\n<h3>Como se diz segunda-feira em franc\u00eas?<\/h3>\n<p>Segunda-feira em franc\u00eas \u00e9 <strong>lundi<\/strong>.<\/p>\n<p>Exemplos:<\/p>\n<p><strong>Je travaille lundi.<\/strong><br \/>\nEu trabalho na segunda-feira.<\/p>\n<p><strong>Lundi prochain, je vais \u00e0 Lyon.<\/strong><br \/>\nNa pr\u00f3xima segunda-feira, vou a Lyon.<\/p>\n<p><strong>Le lundi, je fais du sport.<\/strong><br \/>\n\u00c0s segundas-feiras, pratico esportes.<\/p>\n<p><strong>\u00c0 lundi !<\/strong><br \/>\nAt\u00e9 segunda-feira!<\/p>\n<h3>Como se diz ter\u00e7a-feira em franc\u00eas?<\/h3>\n<p>Ter\u00e7a-feira \u00e9 <strong>mardi<\/strong>.<\/p>\n<p>Exemplos:<\/p>\n<p><strong>Nous avons cours mardi.<\/strong><br \/>\nTemos aula na ter\u00e7a-feira.<\/p>\n<p><strong>Mardi prochain, je suis libre.<\/strong><br \/>\nNa pr\u00f3xima ter\u00e7a-feira, estou livre.<\/p>\n<p><strong>Le mardi, elle travaille ici.<\/strong><br \/>\n\u00c0s ter\u00e7as-feiras, ela trabalha aqui.<\/p>\n<p><strong>\u00c0 mardi !<\/strong><br \/>\nAt\u00e9 ter\u00e7a-feira!<\/p>\n<h3>Como se diz quarta-feira em franc\u00eas?<\/h3>\n<p>Quarta-feira \u00e9 <strong>mercredi<\/strong>.<\/p>\n<p>Exemplos:<\/p>\n<p><strong>Je pars mercredi.<\/strong><br \/>\nEu parto na quarta-feira.<\/p>\n<p><strong>Mercredi matin, j&#8217;ai une r\u00e9union.<\/strong><br \/>\nNa quarta-feira de manh\u00e3, tenho uma reuni\u00e3o.<\/p>\n<p><strong>Tous les mercredis, nous \u00e9tudions ensemble.<\/strong><br \/>\nTodas as quartas-feiras, estudamos juntos.<\/p>\n<p><strong>On se voit mercredi ?<\/strong><br \/>\nA gente se encontra na quarta-feira?<\/p>\n<h3>Como se diz quinta-feira em franc\u00eas?<\/h3>\n<p>Quinta-feira \u00e9 <strong>jeudi<\/strong>.<\/p>\n<p>Exemplos:<\/p>\n<p><strong>Je reviens jeudi.<\/strong><br \/>\nEu volto na quinta-feira.<\/p>\n<p><strong>Jeudi soir, nous allons au restaurant.<\/strong><br \/>\nNa quinta-feira \u00e0 noite, vamos ao restaurante.<\/p>\n<p><strong>Le jeudi, le mus\u00e9e ferme tard.<\/strong><br \/>\n\u00c0s quintas-feiras, o museu fecha tarde.<\/p>\n<p><strong>\u00c0 jeudi !<\/strong><br \/>\nAt\u00e9 quinta-feira!<\/p>\n<h3>Como se diz sexta-feira em franc\u00eas?<\/h3>\n<p>Sexta-feira \u00e9 <strong>vendredi<\/strong>.<\/p>\n<p>Exemplos:<\/p>\n<p><strong>Vendredi, je termine \u00e0 cinq heures.<\/strong><br \/>\nNa sexta-feira, termino \u00e0s cinco horas.<\/p>\n<p><strong>Nous partons vendredi matin.<\/strong><br \/>\nPartimos na sexta-feira de manh\u00e3.<\/p>\n<p><strong>Tous les vendredis, ils jouent au football.<\/strong><br \/>\nTodas as sextas-feiras, eles jogam futebol.<\/p>\n<p><strong>\u00c0 vendredi !<\/strong><br \/>\nAt\u00e9 sexta-feira!<\/p>\n<h3>Como se diz s\u00e1bado em franc\u00eas?<\/h3>\n<p>S\u00e1bado \u00e9 <strong>samedi<\/strong>.<\/p>\n<p>Exemplos:<\/p>\n<p><strong>Je travaille samedi.<\/strong><br \/>\nEu trabalho no s\u00e1bado.<\/p>\n<p><strong>Samedi soir, nous allons sortir.<\/strong><br \/>\nNo s\u00e1bado \u00e0 noite, n\u00f3s vamos sair.<\/p>\n<p><strong>Tous les samedis, je cuisine.<\/strong><br \/>\nTodos os s\u00e1bados, eu cozinho.<\/p>\n<p><strong>\u00c0 samedi !<\/strong><br \/>\nAt\u00e9 s\u00e1bado!<\/p>\n<h3>Como se diz domingo em franc\u00eas?<\/h3>\n<p>Domingo \u00e9 <strong>dimanche<\/strong>.<\/p>\n<p>Exemplos:<\/p>\n<p><strong>Dimanche, je reste chez moi.<\/strong><br \/>\nNo domingo, fico em casa.<\/p>\n<p><strong>Nous voyageons dimanche matin.<\/strong><br \/>\nN\u00f3s viajamos no domingo de manh\u00e3.<\/p>\n<p><strong>Tous les dimanches, ils d\u00e9jeunent ensemble.<\/strong><br \/>\nTodos os domingos, eles almo\u00e7am juntos.<\/p>\n<p><strong>\u00c0 dimanche !<\/strong><br \/>\nAt\u00e9 domingo!<\/p>\n<h3>Os nomes dos dias come\u00e7am com letra mai\u00fascula em franc\u00eas?<\/h3>\n<p>Normalmente, n\u00e3o. Em franc\u00eas, os nomes dos dias s\u00e3o escritos com letra min\u00fascula, exceto quando aparecem no in\u00edcio de uma frase.<\/p>\n<p>Por exemplo:<\/p>\n<p><strong>Je travaille lundi.<\/strong><\/p>\n<p>Eu trabalho na segunda-feira.<\/p>\n<p>Mas:<\/p>\n<p><strong>Lundi, je travaille \u00e0 Paris.<\/strong><\/p>\n<p>Na segunda-feira, trabalho em Paris.<\/p>\n<h3>Os dias em franc\u00eas s\u00e3o masculinos ou femininos?<\/h3>\n<p>Os nomes dos dias s\u00e3o masculinos. Por isso, quando um artigo \u00e9 necess\u00e1rio, aparecem formas como <em>le lundi<\/em> e <em>les lundis<\/em>.<\/p>\n<h3>Como dizer de segunda a sexta em franc\u00eas?<\/h3>\n<p>A estrutura mais comum \u00e9:<\/p>\n<p><strong>du lundi au vendredi<\/strong><\/p>\n<p>Exemplo:<\/p>\n<p><strong>Je travaille du lundi au vendredi.<\/strong><\/p>\n<p>Eu trabalho de segunda a sexta-feira.<\/p>\n<h3>Como dizer todos os dias em franc\u00eas?<\/h3>\n<p>\u201cTodos os dias\u201d \u00e9 <strong>tous les jours<\/strong>.<\/p>\n<p>Exemplo:<\/p>\n<p><strong>J&#8217;\u00e9tudie le fran\u00e7ais tous les jours.<\/strong><\/p>\n<p>Eu estudo franc\u00eas todos os dias.<\/p>\n<p>Observe que <em>jour<\/em> significa \u201cdia\u201d, enquanto os nomes <em>lundi<\/em>, <em>mardi<\/em>, <em>mercredi<\/em> e os demais identificam dias espec\u00edficos da semana.<\/p>\n<h2>Conclus\u00e3o<\/h2>\n<p>Aprender os <strong>dias da semana em franc\u00eas<\/strong> envolve mais do que memorizar <em>lundi, mardi, mercredi, jeudi, vendredi, samedi<\/em> e <em>dimanche<\/em>. Para usar esse vocabul\u00e1rio corretamente, \u00e9 necess\u00e1rio reconhecer diferen\u00e7as entre acontecimentos pontuais e h\u00e1bitos, saber quando utilizar artigos e combinar os dias com datas, hor\u00e1rios e express\u00f5es temporais.<\/p>\n<p>Para falar de um compromisso espec\u00edfico, estruturas como <em>Je travaille lundi<\/em> s\u00e3o suficientes. Para h\u00e1bitos, aparecem formas como <em>Le lundi, je travaille chez moi<\/em> ou <em>Tous les lundis, je fais du sport<\/em>. J\u00e1 express\u00f5es como <em>lundi prochain<\/em>, <em>vendredi dernier<\/em> e <em>du lundi au vendredi<\/em> permitem indicar per\u00edodos com mais precis\u00e3o.<\/p>\n<p>Ao praticar, priorize frases completas relacionadas \u00e0 sua pr\u00f3pria rotina. Dessa forma, voc\u00ea aprende n\u00e3o apenas sete palavras novas, mas tamb\u00e9m estruturas que poder\u00e3o ser utilizadas em conversas, viagens, aulas, compromissos profissionais e situa\u00e7\u00f5es cotidianas.<\/p>\n","protected":false},"excerpt":{"rendered":"<p>Veja como falar os dias da semana em franc\u00eas!<\/p>\n","protected":false},"author":6,"featured_media":62052,"comment_status":"open","ping_status":"open","sticky":false,"template":"","format":[184],"meta":{"inline_featured_image":false,"footnotes":""},"categories":[171],"tags":[],"trilha":[],"class_list":["post-69854","post","type-post","status-publish","format-standard","has-post-thumbnail","hentry","category-vocabulario","format-videos"],"acf":[],"yoast_head":"<!-- This site is optimized with the Yoast SEO plugin v28.1 - https:\/\/yoast.com\/product\/yoast-seo-wordpress\/ -->\n<title>Dias da semana em franc\u00eas: aprenda nomes e pron\u00fancia!<\/title>\n<meta name=\"description\" content=\"Aprenda os dias da semana em franc\u00eas com pron\u00fancia, exemplos e dicas pr\u00e1ticas. Domine esse vocabul\u00e1rio essencial para sua flu\u00eancia!\" \/>\n<meta name=\"robots\" content=\"index, follow, max-snippet:-1, max-image-preview:large, max-video-preview:-1\" \/>\n<link rel=\"canonical\" href=\"https:\/\/fluency.io\/br\/blog\/dias-da-semana-em-frances\/\" \/>\n<meta property=\"og:locale\" content=\"pt_BR\" \/>\n<meta property=\"og:type\" content=\"article\" \/>\n<meta property=\"og:title\" content=\"Dias da semana em franc\u00eas: aprenda nomes e pron\u00fancia!\" \/>\n<meta property=\"og:description\" content=\"Aprenda os dias da semana em franc\u00eas com pron\u00fancia, exemplos e dicas pr\u00e1ticas. Domine esse vocabul\u00e1rio essencial para sua flu\u00eancia!\" \/>\n<meta property=\"og:url\" content=\"https:\/\/fluency.io\/br\/blog\/dias-da-semana-em-frances\/\" \/>\n<meta property=\"og:site_name\" content=\"Fluency.io Brasil\" \/>\n<meta property=\"article:published_time\" content=\"2023-12-21T20:33:24+00:00\" \/>\n<meta property=\"article:modified_time\" content=\"2026-08-18T13:03:31+00:00\" \/>\n<meta property=\"og:image\" content=\"https:\/\/fluency.io\/br\/wp-content\/uploads\/sites\/3\/2023\/12\/5f0cbe5ac10ed00b635819a2_FR_Felipe_Thumb_Dias-da-semana_YT-1.jpg\" \/>\n\t<meta property=\"og:image:width\" content=\"1920\" \/>\n\t<meta property=\"og:image:height\" content=\"1080\" \/>\n\t<meta property=\"og:image:type\" content=\"image\/jpeg\" \/>\n<meta name=\"twitter:card\" content=\"summary_large_image\" \/>\n<meta name=\"twitter:label1\" content=\"Escrito por\" \/>\n\t<meta name=\"twitter:data1\" content=\"marcelo\" \/>\n\t<meta name=\"twitter:label2\" content=\"Est. tempo de leitura\" \/>\n\t<meta name=\"twitter:data2\" content=\"21 minutos\" \/>\n<script type=\"application\/ld+json\" class=\"yoast-schema-graph\">{\"@context\":\"https:\\\/\\\/schema.org\",\"@graph\":[{\"@type\":\"Article\",\"@id\":\"https:\\\/\\\/fluency.io\\\/br\\\/blog\\\/dias-da-semana-em-frances\\\/#article\",\"isPartOf\":{\"@id\":\"https:\\\/\\\/fluency.io\\\/br\\\/blog\\\/dias-da-semana-em-frances\\\/\"},\"author\":{\"name\":\"marcelo\",\"@id\":\"https:\\\/\\\/fluency.io\\\/br\\\/#\\\/schema\\\/person\\\/395d83f1006a72bd4912230eea50ff6f\"},\"headline\":\"Dias da semana em franc\u00eas: aprenda nomes e pron\u00fancia\",\"datePublished\":\"2023-12-21T20:33:24+00:00\",\"dateModified\":\"2026-08-18T13:03:31+00:00\",\"mainEntityOfPage\":{\"@id\":\"https:\\\/\\\/fluency.io\\\/br\\\/blog\\\/dias-da-semana-em-frances\\\/\"},\"wordCount\":3276,\"commentCount\":0,\"image\":{\"@id\":\"https:\\\/\\\/fluency.io\\\/br\\\/blog\\\/dias-da-semana-em-frances\\\/#primaryimage\"},\"thumbnailUrl\":\"https:\\\/\\\/fluency.io\\\/br\\\/wp-content\\\/uploads\\\/sites\\\/3\\\/2023\\\/12\\\/5f0cbe5ac10ed00b635819a2_FR_Felipe_Thumb_Dias-da-semana_YT-1.jpg\",\"articleSection\":[\"Vocabul\u00e1rio\"],\"inLanguage\":\"pt-BR\",\"potentialAction\":[{\"@type\":\"CommentAction\",\"name\":\"Comment\",\"target\":[\"https:\\\/\\\/fluency.io\\\/br\\\/blog\\\/dias-da-semana-em-frances\\\/#respond\"]}]},{\"@type\":\"WebPage\",\"@id\":\"https:\\\/\\\/fluency.io\\\/br\\\/blog\\\/dias-da-semana-em-frances\\\/\",\"url\":\"https:\\\/\\\/fluency.io\\\/br\\\/blog\\\/dias-da-semana-em-frances\\\/\",\"name\":\"Dias da semana em franc\u00eas: aprenda nomes e pron\u00fancia!\",\"isPartOf\":{\"@id\":\"https:\\\/\\\/fluency.io\\\/br\\\/#website\"},\"primaryImageOfPage\":{\"@id\":\"https:\\\/\\\/fluency.io\\\/br\\\/blog\\\/dias-da-semana-em-frances\\\/#primaryimage\"},\"image\":{\"@id\":\"https:\\\/\\\/fluency.io\\\/br\\\/blog\\\/dias-da-semana-em-frances\\\/#primaryimage\"},\"thumbnailUrl\":\"https:\\\/\\\/fluency.io\\\/br\\\/wp-content\\\/uploads\\\/sites\\\/3\\\/2023\\\/12\\\/5f0cbe5ac10ed00b635819a2_FR_Felipe_Thumb_Dias-da-semana_YT-1.jpg\",\"datePublished\":\"2023-12-21T20:33:24+00:00\",\"dateModified\":\"2026-08-18T13:03:31+00:00\",\"author\":{\"@id\":\"https:\\\/\\\/fluency.io\\\/br\\\/#\\\/schema\\\/person\\\/395d83f1006a72bd4912230eea50ff6f\"},\"description\":\"Aprenda os dias da semana em franc\u00eas com pron\u00fancia, exemplos e dicas pr\u00e1ticas. Domine esse vocabul\u00e1rio essencial para sua flu\u00eancia!\",\"breadcrumb\":{\"@id\":\"https:\\\/\\\/fluency.io\\\/br\\\/blog\\\/dias-da-semana-em-frances\\\/#breadcrumb\"},\"inLanguage\":\"pt-BR\",\"potentialAction\":[{\"@type\":\"ReadAction\",\"target\":[\"https:\\\/\\\/fluency.io\\\/br\\\/blog\\\/dias-da-semana-em-frances\\\/\"]}]},{\"@type\":\"ImageObject\",\"inLanguage\":\"pt-BR\",\"@id\":\"https:\\\/\\\/fluency.io\\\/br\\\/blog\\\/dias-da-semana-em-frances\\\/#primaryimage\",\"url\":\"https:\\\/\\\/fluency.io\\\/br\\\/wp-content\\\/uploads\\\/sites\\\/3\\\/2023\\\/12\\\/5f0cbe5ac10ed00b635819a2_FR_Felipe_Thumb_Dias-da-semana_YT-1.jpg\",\"contentUrl\":\"https:\\\/\\\/fluency.io\\\/br\\\/wp-content\\\/uploads\\\/sites\\\/3\\\/2023\\\/12\\\/5f0cbe5ac10ed00b635819a2_FR_Felipe_Thumb_Dias-da-semana_YT-1.jpg\",\"width\":1920,\"height\":1080,\"caption\":\"Dias da semana em franc\u00eas\"},{\"@type\":\"BreadcrumbList\",\"@id\":\"https:\\\/\\\/fluency.io\\\/br\\\/blog\\\/dias-da-semana-em-frances\\\/#breadcrumb\",\"itemListElement\":[{\"@type\":\"ListItem\",\"position\":1,\"name\":\"Home\",\"item\":\"https:\\\/\\\/fluency.io\\\/br\\\/\"},{\"@type\":\"ListItem\",\"position\":2,\"name\":\"Dias da semana em franc\u00eas: aprenda nomes e pron\u00fancia\"}]},{\"@type\":\"WebSite\",\"@id\":\"https:\\\/\\\/fluency.io\\\/br\\\/#website\",\"url\":\"https:\\\/\\\/fluency.io\\\/br\\\/\",\"name\":\"Fluency Academy\",\"description\":\"\",\"potentialAction\":[{\"@type\":\"SearchAction\",\"target\":{\"@type\":\"EntryPoint\",\"urlTemplate\":\"https:\\\/\\\/fluency.io\\\/br\\\/?s={search_term_string}\"},\"query-input\":{\"@type\":\"PropertyValueSpecification\",\"valueRequired\":true,\"valueName\":\"search_term_string\"}}],\"inLanguage\":\"pt-BR\"},{\"@type\":\"Person\",\"@id\":\"https:\\\/\\\/fluency.io\\\/br\\\/#\\\/schema\\\/person\\\/395d83f1006a72bd4912230eea50ff6f\",\"name\":\"marcelo\",\"image\":{\"@type\":\"ImageObject\",\"inLanguage\":\"pt-BR\",\"@id\":\"https:\\\/\\\/secure.gravatar.com\\\/avatar\\\/9050681441880d21ef4048d38965a107dc5b77bf302f57fa3939973bdafa41d8?s=96&d=mm&r=g\",\"url\":\"https:\\\/\\\/secure.gravatar.com\\\/avatar\\\/9050681441880d21ef4048d38965a107dc5b77bf302f57fa3939973bdafa41d8?s=96&d=mm&r=g\",\"contentUrl\":\"https:\\\/\\\/secure.gravatar.com\\\/avatar\\\/9050681441880d21ef4048d38965a107dc5b77bf302f57fa3939973bdafa41d8?s=96&d=mm&r=g\",\"caption\":\"marcelo\"}}]}<\/script>\n<!-- \/ Yoast SEO plugin. -->","yoast_head_json":{"title":"Dias da semana em franc\u00eas: aprenda nomes e pron\u00fancia!","description":"Aprenda os dias da semana em franc\u00eas com pron\u00fancia, exemplos e dicas pr\u00e1ticas. Domine esse vocabul\u00e1rio essencial para sua flu\u00eancia!","robots":{"index":"index","follow":"follow","max-snippet":"max-snippet:-1","max-image-preview":"max-image-preview:large","max-video-preview":"max-video-preview:-1"},"canonical":"https:\/\/fluency.io\/br\/blog\/dias-da-semana-em-frances\/","og_locale":"pt_BR","og_type":"article","og_title":"Dias da semana em franc\u00eas: aprenda nomes e pron\u00fancia!","og_description":"Aprenda os dias da semana em franc\u00eas com pron\u00fancia, exemplos e dicas pr\u00e1ticas. Domine esse vocabul\u00e1rio essencial para sua flu\u00eancia!","og_url":"https:\/\/fluency.io\/br\/blog\/dias-da-semana-em-frances\/","og_site_name":"Fluency.io Brasil","article_published_time":"2023-12-21T20:33:24+00:00","article_modified_time":"2026-08-18T13:03:31+00:00","og_image":[{"width":1920,"height":1080,"url":"https:\/\/fluency.io\/br\/wp-content\/uploads\/sites\/3\/2023\/12\/5f0cbe5ac10ed00b635819a2_FR_Felipe_Thumb_Dias-da-semana_YT-1.jpg","type":"image\/jpeg"}],"twitter_card":"summary_large_image","twitter_misc":{"Escrito por":"marcelo","Est. tempo de leitura":"21 minutos"},"schema":{"@context":"https:\/\/schema.org","@graph":[{"@type":"Article","@id":"https:\/\/fluency.io\/br\/blog\/dias-da-semana-em-frances\/#article","isPartOf":{"@id":"https:\/\/fluency.io\/br\/blog\/dias-da-semana-em-frances\/"},"author":{"name":"marcelo","@id":"https:\/\/fluency.io\/br\/#\/schema\/person\/395d83f1006a72bd4912230eea50ff6f"},"headline":"Dias da semana em franc\u00eas: aprenda nomes e pron\u00fancia","datePublished":"2023-12-21T20:33:24+00:00","dateModified":"2026-08-18T13:03:31+00:00","mainEntityOfPage":{"@id":"https:\/\/fluency.io\/br\/blog\/dias-da-semana-em-frances\/"},"wordCount":3276,"commentCount":0,"image":{"@id":"https:\/\/fluency.io\/br\/blog\/dias-da-semana-em-frances\/#primaryimage"},"thumbnailUrl":"https:\/\/fluency.io\/br\/wp-content\/uploads\/sites\/3\/2023\/12\/5f0cbe5ac10ed00b635819a2_FR_Felipe_Thumb_Dias-da-semana_YT-1.jpg","articleSection":["Vocabul\u00e1rio"],"inLanguage":"pt-BR","potentialAction":[{"@type":"CommentAction","name":"Comment","target":["https:\/\/fluency.io\/br\/blog\/dias-da-semana-em-frances\/#respond"]}]},{"@type":"WebPage","@id":"https:\/\/fluency.io\/br\/blog\/dias-da-semana-em-frances\/","url":"https:\/\/fluency.io\/br\/blog\/dias-da-semana-em-frances\/","name":"Dias da semana em franc\u00eas: aprenda nomes e pron\u00fancia!","isPartOf":{"@id":"https:\/\/fluency.io\/br\/#website"},"primaryImageOfPage":{"@id":"https:\/\/fluency.io\/br\/blog\/dias-da-semana-em-frances\/#primaryimage"},"image":{"@id":"https:\/\/fluency.io\/br\/blog\/dias-da-semana-em-frances\/#primaryimage"},"thumbnailUrl":"https:\/\/fluency.io\/br\/wp-content\/uploads\/sites\/3\/2023\/12\/5f0cbe5ac10ed00b635819a2_FR_Felipe_Thumb_Dias-da-semana_YT-1.jpg","datePublished":"2023-12-21T20:33:24+00:00","dateModified":"2026-08-18T13:03:31+00:00","author":{"@id":"https:\/\/fluency.io\/br\/#\/schema\/person\/395d83f1006a72bd4912230eea50ff6f"},"description":"Aprenda os dias da semana em franc\u00eas com pron\u00fancia, exemplos e dicas pr\u00e1ticas. Domine esse vocabul\u00e1rio essencial para sua flu\u00eancia!","breadcrumb":{"@id":"https:\/\/fluency.io\/br\/blog\/dias-da-semana-em-frances\/#breadcrumb"},"inLanguage":"pt-BR","potentialAction":[{"@type":"ReadAction","target":["https:\/\/fluency.io\/br\/blog\/dias-da-semana-em-frances\/"]}]},{"@type":"ImageObject","inLanguage":"pt-BR","@id":"https:\/\/fluency.io\/br\/blog\/dias-da-semana-em-frances\/#primaryimage","url":"https:\/\/fluency.io\/br\/wp-content\/uploads\/sites\/3\/2023\/12\/5f0cbe5ac10ed00b635819a2_FR_Felipe_Thumb_Dias-da-semana_YT-1.jpg","contentUrl":"https:\/\/fluency.io\/br\/wp-content\/uploads\/sites\/3\/2023\/12\/5f0cbe5ac10ed00b635819a2_FR_Felipe_Thumb_Dias-da-semana_YT-1.jpg","width":1920,"height":1080,"caption":"Dias da semana em franc\u00eas"},{"@type":"BreadcrumbList","@id":"https:\/\/fluency.io\/br\/blog\/dias-da-semana-em-frances\/#breadcrumb","itemListElement":[{"@type":"ListItem","position":1,"name":"Home","item":"https:\/\/fluency.io\/br\/"},{"@type":"ListItem","position":2,"name":"Dias da semana em franc\u00eas: aprenda nomes e pron\u00fancia"}]},{"@type":"WebSite","@id":"https:\/\/fluency.io\/br\/#website","url":"https:\/\/fluency.io\/br\/","name":"Fluency Academy","description":"","potentialAction":[{"@type":"SearchAction","target":{"@type":"EntryPoint","urlTemplate":"https:\/\/fluency.io\/br\/?s={search_term_string}"},"query-input":{"@type":"PropertyValueSpecification","valueRequired":true,"valueName":"search_term_string"}}],"inLanguage":"pt-BR"},{"@type":"Person","@id":"https:\/\/fluency.io\/br\/#\/schema\/person\/395d83f1006a72bd4912230eea50ff6f","name":"marcelo","image":{"@type":"ImageObject","inLanguage":"pt-BR","@id":"https:\/\/secure.gravatar.com\/avatar\/9050681441880d21ef4048d38965a107dc5b77bf302f57fa3939973bdafa41d8?s=96&d=mm&r=g","url":"https:\/\/secure.gravatar.com\/avatar\/9050681441880d21ef4048d38965a107dc5b77bf302f57fa3939973bdafa41d8?s=96&d=mm&r=g","contentUrl":"https:\/\/secure.gravatar.com\/avatar\/9050681441880d21ef4048d38965a107dc5b77bf302f57fa3939973bdafa41d8?s=96&d=mm&r=g","caption":"marcelo"}}]}},"_links":{"self":[{"href":"https:\/\/fluency.io\/br\/wp-json\/wp\/v2\/posts\/69854","targetHints":{"allow":["GET"]}}],"collection":[{"href":"https:\/\/fluency.io\/br\/wp-json\/wp\/v2\/posts"}],"about":[{"href":"https:\/\/fluency.io\/br\/wp-json\/wp\/v2\/types\/post"}],"author":[{"embeddable":true,"href":"https:\/\/fluency.io\/br\/wp-json\/wp\/v2\/users\/6"}],"replies":[{"embeddable":true,"href":"https:\/\/fluency.io\/br\/wp-json\/wp\/v2\/comments?post=69854"}],"version-history":[{"count":9,"href":"https:\/\/fluency.io\/br\/wp-json\/wp\/v2\/posts\/69854\/revisions"}],"predecessor-version":[{"id":207004,"href":"https:\/\/fluency.io\/br\/wp-json\/wp\/v2\/posts\/69854\/revisions\/207004"}],"wp:featuredmedia":[{"embeddable":true,"href":"https:\/\/fluency.io\/br\/wp-json\/wp\/v2\/media\/62052"}],"wp:attachment":[{"href":"https:\/\/fluency.io\/br\/wp-json\/wp\/v2\/media?parent=69854"}],"wp:term":[{"taxonomy":"category","embeddable":true,"href":"https:\/\/fluency.io\/br\/wp-json\/wp\/v2\/categories?post=69854"},{"taxonomy":"post_tag","embeddable":true,"href":"https:\/\/fluency.io\/br\/wp-json\/wp\/v2\/tags?post=69854"},{"taxonomy":"format","embeddable":true,"href":"https:\/\/fluency.io\/br\/wp-json\/wp\/v2\/format?post=69854"},{"taxonomy":"trilha","embeddable":true,"href":"https:\/\/fluency.io\/br\/wp-json\/wp\/v2\/trilha?post=69854"}],"curies":[{"name":"wp","href":"https:\/\/api.w.org\/{rel}","templated":true}]}}