{"id":69917,"date":"2023-12-21T20:33:45","date_gmt":"2023-12-21T20:33:45","guid":{"rendered":"https:\/\/fluency.io\/br\/blog\/tempos-verbais-em-espanhol\/"},"modified":"2026-08-18T10:54:31","modified_gmt":"2026-08-18T13:54:31","slug":"tempos-verbais-em-espanhol","status":"publish","type":"post","link":"https:\/\/fluency.io\/br\/blog\/tempos-verbais-em-espanhol\/","title":{"rendered":"Tempos verbais em espanhol: como funcionam e quando usar"},"content":{"rendered":"<p>Os <strong>tempos verbais em espanhol<\/strong> indicam principalmente quando uma a\u00e7\u00e3o acontece e como o falante a apresenta em rela\u00e7\u00e3o ao presente, ao passado ou ao futuro. No entanto, dominar os verbos espanh\u00f3is envolve mais do que memorizar termina\u00e7\u00f5es. Tamb\u00e9m \u00e9 necess\u00e1rio compreender os modos verbais, como indicativo e subjuntivo, al\u00e9m das diferen\u00e7as entre a\u00e7\u00f5es conclu\u00eddas, habituais, hipot\u00e9ticas ou ainda relacionadas ao momento atual. \u00c9 justamente essa combina\u00e7\u00e3o entre tempo, modo e contexto que permite escolher entre formas como <em>habl\u00e9<\/em>, <em>hablaba<\/em>, <em>he hablado<\/em>, <em>hablar\u00e9<\/em> ou <em>hablar\u00eda<\/em>.<\/p>\n<p>Para quem fala portugu\u00eas, algumas estruturas parecem familiares porque os dois idiomas compartilham uma origem latina e apresentam muitas constru\u00e7\u00f5es semelhantes. Essa proximidade, por\u00e9m, tamb\u00e9m provoca erros. O estudante pode traduzir diretamente uma forma portuguesa e produzir uma conjuga\u00e7\u00e3o pouco natural em espanhol, principalmente quando precisa escolher entre diferentes passados ou decidir entre indicativo e subjuntivo. Conhecer os <a href=\"https:\/\/fluency.io\/br\/blog\/verbos-em-espanhol\/\">verbos mais usados em espanhol<\/a> ajuda bastante, mas \u00e9 igualmente importante entender a l\u00f3gica por tr\u00e1s das conjuga\u00e7\u00f5es.<\/p>\n<p>Neste conte\u00fado, voc\u00ea vai entender como funcionam os principais tempos verbais do espanhol, quais diferen\u00e7as existem entre presente, passado e futuro, como os tempos compostos s\u00e3o formados, quando o subjuntivo aparece e quais erros merecem aten\u00e7\u00e3o. O objetivo n\u00e3o \u00e9 decorar todas as conjuga\u00e7\u00f5es de uma vez, mas compreender o papel de cada estrutura para conseguir reconhec\u00ea-la e utiliz\u00e1-la em situa\u00e7\u00f5es reais.<\/p>\n<h2>O que s\u00e3o tempos verbais em espanhol?<\/h2>\n<p>Os tempos verbais s\u00e3o formas utilizadas para localizar acontecimentos no tempo e acrescentar informa\u00e7\u00f5es sobre a maneira como uma a\u00e7\u00e3o \u00e9 percebida pelo falante. Em uma explica\u00e7\u00e3o b\u00e1sica, podemos organizar as a\u00e7\u00f5es em presente, passado e futuro. Entretanto, dentro dessas tr\u00eas refer\u00eancias temporais existem diferentes tempos gramaticais. No passado, por exemplo, o espanhol permite distinguir uma a\u00e7\u00e3o conclu\u00edda de uma situa\u00e7\u00e3o habitual ou de um acontecimento anterior a outro fato tamb\u00e9m passado.<\/p>\n<p>Isso fica claro quando comparamos <em>estudi\u00e9 espa\u00f1ol<\/em>, <em>estudiaba espa\u00f1ol<\/em> e <em>hab\u00eda estudiado espa\u00f1ol<\/em>. As tr\u00eas frases est\u00e3o relacionadas ao passado, mas n\u00e3o expressam exatamente a mesma ideia. <em>Estudi\u00e9<\/em> apresenta o estudo como um acontecimento conclu\u00eddo. <em>Estudiaba<\/em> pode indicar h\u00e1bito, dura\u00e7\u00e3o ou uma circunst\u00e2ncia em desenvolvimento. J\u00e1 <em>hab\u00eda estudiado<\/em> estabelece que a a\u00e7\u00e3o de estudar ocorreu antes de outro acontecimento passado. Portanto, saber apenas que todas essas formas s\u00e3o &#8220;passado&#8221; n\u00e3o \u00e9 suficiente para us\u00e1-las adequadamente.<\/p>\n<p>Tamb\u00e9m \u00e9 necess\u00e1rio considerar os chamados modos verbais. O indicativo costuma apresentar fatos, acontecimentos e informa\u00e7\u00f5es consideradas reais ou objetivas pelo falante. O subjuntivo aparece com frequ\u00eancia em desejos, possibilidades, avalia\u00e7\u00f5es, d\u00favidas e determinadas constru\u00e7\u00f5es subordinadas. O imperativo, por sua vez, est\u00e1 relacionado principalmente a ordens, instru\u00e7\u00f5es, conselhos e pedidos. Assim, tempo e modo trabalham juntos para definir o significado produzido pelo verbo dentro de uma frase.<\/p>\n<h2>Quais s\u00e3o os principais tempos verbais em espanhol?<\/h2>\n<p>N\u00e3o existe apenas uma forma de expressar presente, passado e futuro. O sistema verbal espanhol apresenta tempos simples, formados por uma \u00fanica forma verbal conjugada, e tempos compostos, geralmente constru\u00eddos com o verbo <em>haber<\/em> acompanhado do partic\u00edpio do verbo principal. Para estudar de maneira organizada, vale come\u00e7ar pelos tempos mais frequentes na comunica\u00e7\u00e3o cotidiana e avan\u00e7ar gradualmente para estruturas mais espec\u00edficas.<\/p>\n<table>\n<thead>\n<tr>\n<th>Tempo verbal<\/th>\n<th>Exemplo<\/th>\n<th>Tradu\u00e7\u00e3o<\/th>\n<th>Uso principal<\/th>\n<\/tr>\n<\/thead>\n<tbody>\n<tr>\n<td>Presente do indicativo<\/td>\n<td><em>hablo<\/em><\/td>\n<td>eu falo<\/td>\n<td>presente, h\u00e1bito e fatos<\/td>\n<\/tr>\n<tr>\n<td>Pret\u00e9rito perfecto simple<\/td>\n<td><em>habl\u00e9<\/em><\/td>\n<td>eu falei<\/td>\n<td>a\u00e7\u00e3o conclu\u00edda no passado<\/td>\n<\/tr>\n<tr>\n<td>Pret\u00e9rito imperfecto<\/td>\n<td><em>hablaba<\/em><\/td>\n<td>eu falava<\/td>\n<td>h\u00e1bito ou a\u00e7\u00e3o em desenvolvimento no passado<\/td>\n<\/tr>\n<tr>\n<td>Pret\u00e9rito perfecto compuesto<\/td>\n<td><em>he hablado<\/em><\/td>\n<td>falei \/ tenho falado<\/td>\n<td>passado relacionado ao presente<\/td>\n<\/tr>\n<tr>\n<td>Pret\u00e9rito pluscuamperfecto<\/td>\n<td><em>hab\u00eda hablado<\/em><\/td>\n<td>tinha falado<\/td>\n<td>a\u00e7\u00e3o anterior a outra a\u00e7\u00e3o passada<\/td>\n<\/tr>\n<tr>\n<td>Futuro simple<\/td>\n<td><em>hablar\u00e9<\/em><\/td>\n<td>falarei<\/td>\n<td>acontecimentos futuros<\/td>\n<\/tr>\n<tr>\n<td>Futuro perfecto<\/td>\n<td><em>habr\u00e9 hablado<\/em><\/td>\n<td>terei falado<\/td>\n<td>a\u00e7\u00e3o conclu\u00edda antes de um momento futuro<\/td>\n<\/tr>\n<tr>\n<td>Condicional simple<\/td>\n<td><em>hablar\u00eda<\/em><\/td>\n<td>falaria<\/td>\n<td>hip\u00f3tese, possibilidade ou cortesia<\/td>\n<\/tr>\n<\/tbody>\n<\/table>\n<p>A tabela funciona como um mapa inicial, mas o uso real de cada forma depende do contexto. Dois tempos traduzidos de maneira semelhante para o portugu\u00eas podem ter comportamentos diferentes em espanhol. \u00c9 o que acontece com <em>habl\u00e9<\/em> e <em>he hablado<\/em>. Dependendo da variedade regional, do per\u00edodo temporal mencionado e da rela\u00e7\u00e3o do acontecimento com o presente, uma das formas pode soar mais natural que a outra. Por isso, estudar exemplos completos \u00e9 mais produtivo do que memorizar listas isoladas.<\/p>\n<h2>Como funciona o presente do indicativo em espanhol?<\/h2>\n<p>O presente do indicativo \u00e9 um dos primeiros tempos estudados porque aparece constantemente em apresenta\u00e7\u00f5es, descri\u00e7\u00f5es, rotinas, opini\u00f5es e conversas cotidianas. Ele pode indicar algo que acontece exatamente agora, mas seu uso \u00e9 muito mais amplo. Tamb\u00e9m expressa h\u00e1bitos, caracter\u00edsticas permanentes, fatos gerais e at\u00e9 acontecimentos futuros considerados programados ou bastante pr\u00f3ximos. Para aprofundar essa estrutura, vale consultar tamb\u00e9m o conte\u00fado espec\u00edfico sobre <a href=\"https:\/\/fluency.io\/br\/blog\/presente-indicativo-em-espanhol\/\">presente do indicativo em espanhol<\/a>.<\/p>\n<p>Nos verbos regulares, a conjuga\u00e7\u00e3o depende da termina\u00e7\u00e3o do infinitivo. Verbos terminados em <em>-ar<\/em>, como <em>hablar<\/em>, seguem um conjunto de termina\u00e7\u00f5es, enquanto verbos terminados em <em>-er<\/em>, como <em>comer<\/em>, e em <em>-ir<\/em>, como <em>vivir<\/em>, apresentam outros padr\u00f5es. Observe a conjuga\u00e7\u00e3o b\u00e1sica:<\/p>\n<table>\n<thead>\n<tr>\n<th>Pronome<\/th>\n<th>Hablar<\/th>\n<th>Comer<\/th>\n<th>Vivir<\/th>\n<\/tr>\n<\/thead>\n<tbody>\n<tr>\n<td>Yo<\/td>\n<td>hablo<\/td>\n<td>como<\/td>\n<td>vivo<\/td>\n<\/tr>\n<tr>\n<td>T\u00fa<\/td>\n<td>hablas<\/td>\n<td>comes<\/td>\n<td>vives<\/td>\n<\/tr>\n<tr>\n<td>\u00c9l, ella, usted<\/td>\n<td>habla<\/td>\n<td>come<\/td>\n<td>vive<\/td>\n<\/tr>\n<tr>\n<td>Nosotros\/as<\/td>\n<td>hablamos<\/td>\n<td>comemos<\/td>\n<td>vivimos<\/td>\n<\/tr>\n<tr>\n<td>Vosotros\/as<\/td>\n<td>habl\u00e1is<\/td>\n<td>com\u00e9is<\/td>\n<td>viv\u00eds<\/td>\n<\/tr>\n<tr>\n<td>Ellos, ellas, ustedes<\/td>\n<td>hablan<\/td>\n<td>comen<\/td>\n<td>viven<\/td>\n<\/tr>\n<\/tbody>\n<\/table>\n<p>Na pr\u00e1tica, o presente aparece em contextos variados. Em <em>Trabajo en Madrid<\/em>, a pessoa informa uma situa\u00e7\u00e3o atual. Em <em>Estudio espa\u00f1ol todos los d\u00edas<\/em>, o presente descreve um h\u00e1bito. J\u00e1 em <em>Ma\u00f1ana tenemos una reuni\u00f3n<\/em>, apesar da presen\u00e7a de <em>ma\u00f1ana<\/em>, o verbo est\u00e1 no presente porque o compromisso futuro j\u00e1 \u00e9 considerado programado.<\/p>\n<p><strong>Estudio espa\u00f1ol todas las noches.<\/strong><br \/>\nEstudo espanhol todas as noites.<\/p>\n<p><strong>Mi hermana vive en Chile.<\/strong><br \/>\nMinha irm\u00e3 mora no Chile.<\/p>\n<p><strong>El tren sale a las ocho.<\/strong><br \/>\nO trem sai \u00e0s oito.<\/p>\n<p><strong>Ma\u00f1ana hablamos con el profesor.<\/strong><br \/>\nAmanh\u00e3 falamos com o professor.<\/p>\n<p>\u00c9 importante lembrar que alguns dos verbos mais frequentes s\u00e3o irregulares. <em>Ser<\/em>, <em>estar<\/em>, <em>tener<\/em>, <em>ir<\/em>, <em>hacer<\/em>, <em>venir<\/em> e <em>decir<\/em>, por exemplo, apresentam altera\u00e7\u00f5es que precisam ser aprendidas gradualmente. Como s\u00e3o extremamente recorrentes, a exposi\u00e7\u00e3o frequente costuma ser mais eficiente do que tentar memorizar dezenas de tabelas em uma \u00fanica sess\u00e3o de estudo.<\/p>\n<h2>Como falar de a\u00e7\u00f5es conclu\u00eddas no passado em espanhol?<\/h2>\n<p>Uma das formas mais importantes para relatar acontecimentos conclu\u00eddos \u00e9 o <strong>pret\u00e9rito perfecto simple<\/strong>, tamb\u00e9m conhecido em muitos materiais did\u00e1ticos como <em>pret\u00e9rito indefinido<\/em>. Ele \u00e9 usado para apresentar acontecimentos passados delimitados e entendidos como encerrados. Express\u00f5es como <em>ayer<\/em>, <em>anoche<\/em>, <em>la semana pasada<\/em>, <em>en 2024<\/em> e <em>hace dos d\u00edas<\/em> aparecem frequentemente com esse tempo porque deixam claro que o per\u00edodo mencionado j\u00e1 terminou.<\/p>\n<p>Nos verbos regulares terminados em <em>-ar<\/em>, encontramos formas como <em>habl\u00e9, hablaste, habl\u00f3, hablamos, hablasteis, hablaron<\/em>. Nos verbos em <em>-er<\/em> e <em>-ir<\/em>, aparecem estruturas como <em>com\u00ed, comiste, comi\u00f3<\/em> e <em>viv\u00ed, viviste, vivi\u00f3<\/em>. Entretanto, muitos verbos frequentes apresentam irregularidades. <em>Tener<\/em> torna-se <em>tuve<\/em>, <em>estar<\/em> torna-se <em>estuve<\/em>, <em>hacer<\/em> produz <em>hice<\/em> e <em>hizo<\/em>, enquanto <em>ir<\/em> e <em>ser<\/em> compartilham formas como <em>fui, fuiste, fue, fuimos, fuisteis, fueron<\/em>.<\/p>\n<p><strong>Ayer compr\u00e9 un libro nuevo.<\/strong><br \/>\nOntem comprei um livro novo.<\/p>\n<p><strong>Vivimos en M\u00e9xico durante dos a\u00f1os.<\/strong><br \/>\nMoramos no M\u00e9xico durante dois anos.<\/p>\n<p><strong>Ella lleg\u00f3 tarde a la reuni\u00f3n.<\/strong><br \/>\nEla chegou tarde \u00e0 reuni\u00e3o.<\/p>\n<p><strong>El s\u00e1bado vimos una pel\u00edcula argentina.<\/strong><br \/>\nNo s\u00e1bado vimos um filme argentino.<\/p>\n<p>O ponto central \u00e9 enxergar a a\u00e7\u00e3o como conclu\u00edda dentro de um per\u00edodo igualmente encerrado. Em <em>Ayer estudi\u00e9 durante tres horas<\/em>, tanto o estudo quanto o per\u00edodo chamado &#8220;ontem&#8221; terminaram. Essa perspectiva ajuda a diferenciar o pret\u00e9rito perfeito simples de outras estruturas passadas que destacam dura\u00e7\u00e3o, h\u00e1bito ou rela\u00e7\u00e3o com o presente.<\/p>\n<h2>Qual \u00e9 a diferen\u00e7a entre pret\u00e9rito imperfecto e pret\u00e9rito perfecto simple?<\/h2>\n<p>O <strong>pret\u00e9rito imperfecto<\/strong> costuma ser usado para h\u00e1bitos, descri\u00e7\u00f5es e acontecimentos em desenvolvimento no passado. Em vez de apresentar a a\u00e7\u00e3o como um evento fechado, ele permite observar uma situa\u00e7\u00e3o internamente, sem enfatizar necessariamente seu in\u00edcio ou seu t\u00e9rmino. \u00c9 muito comum em narrativas porque fornece o cen\u00e1rio no qual outro acontecimento ocorre.<\/p>\n<p>Compare <em>Cuando era ni\u00f1o, jugaba al f\u00fatbol todos los d\u00edas<\/em> com <em>Ayer jugu\u00e9 al f\u00fatbol<\/em>. Na primeira frase, <em>era<\/em> e <em>jugaba<\/em> descrevem um per\u00edodo habitual da inf\u00e2ncia. N\u00e3o interessa exatamente quando cada partida come\u00e7ou ou terminou. Na segunda, <em>jugu\u00e9<\/em> apresenta uma a\u00e7\u00e3o espec\u00edfica e conclu\u00edda. A oposi\u00e7\u00e3o entre essas perspectivas aparece constantemente em hist\u00f3rias e conversas.<\/p>\n<p><strong>Cuando viv\u00eda en Madrid, caminaba mucho.<\/strong><br \/>\nQuando eu morava em Madri, caminhava muito.<\/p>\n<p><strong>Mientras estudiaba, son\u00f3 el tel\u00e9fono.<\/strong><br \/>\nEnquanto eu estudava, o telefone tocou.<\/p>\n<p><strong>Antes \u00edbamos a ese restaurante todos los domingos.<\/strong><br \/>\nAntes \u00edamos a esse restaurante todos os domingos.<\/p>\n<p><strong>La casa era peque\u00f1a, pero ten\u00eda un jard\u00edn enorme.<\/strong><br \/>\nA casa era pequena, mas tinha um jardim enorme.<\/p>\n<p>O exemplo <em>Mientras estudiaba, son\u00f3 el tel\u00e9fono<\/em> mostra bem a diferen\u00e7a. <em>Estudiaba<\/em> apresenta uma atividade que estava acontecendo, enquanto <em>son\u00f3<\/em> introduz um evento pontual ocorrido durante essa atividade. Em narrativas, \u00e9 comum encontrar justamente essa combina\u00e7\u00e3o: o imperfecto estabelece o contexto e o perfecto simple apresenta acontecimentos que fazem a hist\u00f3ria avan\u00e7ar.<\/p>\n<h2>Quando usar he hablado em vez de habl\u00e9?<\/h2>\n<p>O <strong>pret\u00e9rito perfecto compuesto<\/strong> \u00e9 formado pelo presente do verbo <em>haber<\/em> mais o partic\u00edpio do verbo principal: <em>he hablado, has hablado, ha hablado, hemos hablado, hab\u00e9is hablado, han hablado<\/em>. Essa constru\u00e7\u00e3o frequentemente apresenta uma a\u00e7\u00e3o passada que mant\u00e9m alguma rela\u00e7\u00e3o com o presente. O conte\u00fado da Fluency sobre <a href=\"https:\/\/fluency.io\/br\/blog\/diferenca-entre-he-salido-e-has-hablado-em-espanhol\/\">pret\u00e9rito perfeito composto em espanhol<\/a> apresenta exemplos de estruturas como <em>he salido<\/em> e <em>has hablado<\/em>.<\/p>\n<p>Uma diferen\u00e7a importante surge na compara\u00e7\u00e3o entre <em>Hoy he hablado con Ana<\/em> e <em>Ayer habl\u00e9 con Ana<\/em>. Na primeira frase, o per\u00edodo <em>hoy<\/em> ainda est\u00e1 em andamento no momento da fala. Na segunda, <em>ayer<\/em> corresponde a um per\u00edodo encerrado. Essa distin\u00e7\u00e3o \u00e9 especialmente produtiva em variedades do espanhol europeu. Em diferentes regi\u00f5es da Am\u00e9rica Latina, por\u00e9m, o pret\u00e9rito perfeito simples pode aparecer com maior frequ\u00eancia inclusive em situa\u00e7\u00f5es recentes, portanto a prefer\u00eancia entre as duas formas apresenta varia\u00e7\u00e3o regional.<\/p>\n<p><strong>Hoy he trabajado mucho.<\/strong><br \/>\nHoje trabalhei muito.<\/p>\n<p><strong>Esta semana hemos tenido varias reuniones.<\/strong><br \/>\nEsta semana tivemos v\u00e1rias reuni\u00f5es.<\/p>\n<p><strong>\u00bfHas visitado alguna vez Colombia?<\/strong><br \/>\nVoc\u00ea j\u00e1 visitou a Col\u00f4mbia alguma vez?<\/p>\n<p><strong>Nunca he probado ese plato.<\/strong><br \/>\nNunca experimentei esse prato.<\/p>\n<p>Essa diferen\u00e7a merece aten\u00e7\u00e3o porque a tradu\u00e7\u00e3o para o portugu\u00eas nem sempre revela a estrutura espanhola mais natural. Para observar diretamente esse contraste, o artigo sobre a <a href=\"https:\/\/fluency.io\/br\/blog\/diferenca-entre-dormi-e-he-dormido-em-espanhol\/\">diferen\u00e7a entre <em>dorm\u00ed<\/em> e <em>he dormido<\/em><\/a> apresenta as duas constru\u00e7\u00f5es em contextos distintos.<\/p>\n<h2>Como funciona o pret\u00e9rito pluscuamperfecto?<\/h2>\n<p>O <strong>pret\u00e9rito pluscuamperfecto<\/strong> indica normalmente que uma a\u00e7\u00e3o aconteceu antes de outra refer\u00eancia situada no passado. Sua forma\u00e7\u00e3o utiliza o verbo <em>haber<\/em> no imperfecto, seguido do partic\u00edpio do verbo principal: <em>hab\u00eda hablado, hab\u00edas hablado, hab\u00eda hablado, hab\u00edamos hablado, hab\u00edais hablado, hab\u00edan hablado<\/em>. Em portugu\u00eas, essa estrutura costuma corresponder a constru\u00e7\u00f5es como &#8220;tinha falado&#8221;, &#8220;havia estudado&#8221; ou &#8220;j\u00e1 tinha chegado&#8221;.<\/p>\n<p>Imagine uma sequ\u00eancia de acontecimentos. Primeiro, Marta termina um relat\u00f3rio. Depois, o chefe chega ao escrit\u00f3rio. Ao contar a hist\u00f3ria posteriormente, podemos dizer: <em>Cuando el jefe lleg\u00f3, Marta ya hab\u00eda terminado el informe<\/em>. O pluscuamperfecto deixa expl\u00edcito que terminar o relat\u00f3rio ocorreu antes da chegada do chefe. Essa rela\u00e7\u00e3o entre dois momentos passados \u00e9 a caracter\u00edstica central do tempo verbal.<\/p>\n<p><strong>Cuando llegu\u00e9, ellos ya hab\u00edan salido.<\/strong><br \/>\nQuando cheguei, eles j\u00e1 tinham sa\u00eddo.<\/p>\n<p><strong>Nunca hab\u00eda visto tanta nieve.<\/strong><br \/>\nEu nunca tinha visto tanta neve.<\/p>\n<p><strong>Ella hab\u00eda estudiado espa\u00f1ol antes de viajar.<\/strong><br \/>\nEla tinha estudado espanhol antes de viajar.<\/p>\n<p><strong>Ya hab\u00edamos terminado cuando comenz\u00f3 a llover.<\/strong><br \/>\nJ\u00e1 t\u00ednhamos terminado quando come\u00e7ou a chover.<\/p>\n<p>Palavras como <em>ya<\/em>, <em>todav\u00eda no<\/em>, <em>nunca<\/em> e determinadas constru\u00e7\u00f5es introduzidas por <em>cuando<\/em> aparecem frequentemente com esse tempo, embora n\u00e3o sejam obrigat\u00f3rias. Mais importante do que procurar um marcador espec\u00edfico \u00e9 identificar a sequ\u00eancia cronol\u00f3gica: existe um ponto no passado e uma segunda a\u00e7\u00e3o que aconteceu antes dele.<\/p>\n<h2>Como usar o futuro em espanhol?<\/h2>\n<p>O <strong>futuro simple<\/strong> \u00e9 formado acrescentando termina\u00e7\u00f5es ao infinitivo completo. Em <em>hablar<\/em>, por exemplo, encontramos <em>hablar\u00e9, hablar\u00e1s, hablar\u00e1, hablaremos, hablar\u00e9is, hablar\u00e1n<\/em>. O mesmo conjunto b\u00e1sico de termina\u00e7\u00f5es aparece com verbos regulares em <em>-er<\/em> e <em>-ir<\/em>, por isso temos <em>comer\u00e9<\/em> e <em>vivir\u00e9<\/em>. Alguns verbos modificam o radical, como <em>tener<\/em>, que produz <em>tendr\u00e9<\/em>, e <em>hacer<\/em>, que produz <em>har\u00e9<\/em>.<\/p>\n<p>Esse tempo pode indicar acontecimentos posteriores ao momento da fala, previs\u00f5es, promessas e at\u00e9 suposi\u00e7\u00f5es. A frase <em>Ma\u00f1ana terminar\u00e9 el proyecto<\/em> aponta claramente para uma a\u00e7\u00e3o futura. J\u00e1 <em>\u00bfD\u00f3nde estar\u00e1 Juan?<\/em> pode significar algo pr\u00f3ximo de &#8220;Onde ser\u00e1 que Juan est\u00e1?&#8221;, mostrando que o futuro tamb\u00e9m pode expressar uma hip\u00f3tese sobre o presente.<\/p>\n<p><strong>Ma\u00f1ana llamar\u00e9 a mi madre.<\/strong><br \/>\nAmanh\u00e3 ligarei para minha m\u00e3e.<\/p>\n<p><strong>El pr\u00f3ximo a\u00f1o viajaremos a Espa\u00f1a.<\/strong><br \/>\nNo pr\u00f3ximo ano viajaremos para a Espanha.<\/p>\n<p><strong>Te ayudar\u00e9 con el trabajo.<\/strong><br \/>\nEu ajudarei voc\u00ea com o trabalho.<\/p>\n<p><strong>Ser\u00e1n las diez de la noche.<\/strong><br \/>\nDevem ser umas dez da noite.<\/p>\n<p>Na l\u00edngua falada, tamb\u00e9m \u00e9 muito comum utilizar <strong>ir a + infinitivo<\/strong> para indicar planos e acontecimentos futuros: <em>Voy a estudiar esta noche<\/em>, <em>Vamos a viajar en diciembre<\/em>. Por isso, aprender apenas <em>hablar\u00e9<\/em> ou <em>viajar\u00e9<\/em> n\u00e3o cobre todas as maneiras de expressar futuro. O espanhol, assim como o portugu\u00eas, escolhe estruturas diferentes conforme inten\u00e7\u00e3o, proximidade e contexto comunicativo.<\/p>\n<h2>O que \u00e9 o futuro perfecto em espanhol?<\/h2>\n<p>O <strong>futuro perfecto<\/strong> apresenta uma a\u00e7\u00e3o que estar\u00e1 conclu\u00edda antes de determinado momento futuro. Sua forma\u00e7\u00e3o segue o padr\u00e3o <em>haber<\/em> no futuro mais partic\u00edpio: <em>habr\u00e9 hablado, habr\u00e1s hablado, habr\u00e1 hablado, habremos hablado, habr\u00e9is hablado, habr\u00e1n hablado<\/em>. Em portugu\u00eas, normalmente corresponde a estruturas como &#8220;terei terminado&#8221;, &#8220;teremos chegado&#8221; ou &#8220;ter\u00e3o conclu\u00eddo&#8221;.<\/p>\n<p>Considere a frase <em>Para el viernes, habr\u00e9 terminado el informe<\/em>. O foco n\u00e3o est\u00e1 simplesmente no fato de que o relat\u00f3rio ser\u00e1 terminado. A informa\u00e7\u00e3o principal \u00e9 que, quando chegar sexta-feira, a conclus\u00e3o j\u00e1 ter\u00e1 acontecido. Esse tipo de constru\u00e7\u00e3o \u00e9 especialmente \u00fatil quando organizamos prazos, planejamentos ou sequ\u00eancias futuras.<\/p>\n<p><strong>Para ma\u00f1ana, habremos terminado el proyecto.<\/strong><br \/>\nAt\u00e9 amanh\u00e3, teremos terminado o projeto.<\/p>\n<p><strong>Cuando llegues, ya habr\u00e9 preparado la cena.<\/strong><br \/>\nQuando voc\u00ea chegar, j\u00e1 terei preparado o jantar.<\/p>\n<p><strong>En diciembre, habr\u00e1n vivido aqu\u00ed durante diez a\u00f1os.<\/strong><br \/>\nEm dezembro, eles ter\u00e3o morado aqui durante dez anos.<\/p>\n<p><strong>A las ocho, ella ya habr\u00e1 salido del trabajo.<\/strong><br \/>\n\u00c0s oito, ela j\u00e1 ter\u00e1 sa\u00eddo do trabalho.<\/p>\n<p>O futuro perfeito tamb\u00e9m pode adquirir valor de suposi\u00e7\u00e3o relacionado a um acontecimento passado. Dependendo do contexto, <em>Habr\u00e1 olvidado la reuni\u00f3n<\/em> pode transmitir algo pr\u00f3ximo de &#8220;Ele deve ter esquecido a reuni\u00e3o&#8221;. Esse uso mostra mais uma vez que os tempos verbais n\u00e3o servem exclusivamente para posicionar acontecimentos em uma linha cronol\u00f3gica.<\/p>\n<h2>Como funciona o condicional em espanhol?<\/h2>\n<p>O <strong>condicional simple<\/strong> utiliza o infinitivo do verbo seguido de termina\u00e7\u00f5es pr\u00f3prias, como em <em>hablar\u00eda, comer\u00eda<\/em> e <em>vivir\u00eda<\/em>. Ele aparece principalmente para expressar hip\u00f3teses, consequ\u00eancias condicionadas, desejos e pedidos formulados de maneira mais cort\u00eas. Em portugu\u00eas, frequentemente corresponde \u00e0s termina\u00e7\u00f5es em &#8220;ria&#8221;, como &#8220;falaria&#8221;, &#8220;comeria&#8221; e &#8220;viveria&#8221;.<\/p>\n<p>Uma constru\u00e7\u00e3o comum \u00e9 <em>Si tuviera m\u00e1s tiempo, estudiar\u00eda otro idioma<\/em>. O verbo <em>tuviera<\/em> estabelece uma condi\u00e7\u00e3o hipot\u00e9tica, enquanto <em>estudiar\u00eda<\/em> apresenta a consequ\u00eancia imaginada. O condicional tamb\u00e9m suaviza pedidos. <em>\u00bfPodr\u00edas ayudarme?<\/em> tende a soar mais cort\u00eas do que uma ordem direta.<\/p>\n<p><strong>Yo viajar\u00eda m\u00e1s si tuviera tiempo.<\/strong><br \/>\nEu viajaria mais se tivesse tempo.<\/p>\n<p><strong>\u00bfPodr\u00edas repetir la pregunta?<\/strong><br \/>\nVoc\u00ea poderia repetir a pergunta?<\/p>\n<p><strong>Me gustar\u00eda aprender italiano.<\/strong><br \/>\nEu gostaria de aprender italiano.<\/p>\n<p><strong>Ella dijo que llegar\u00eda temprano.<\/strong><br \/>\nEla disse que chegaria cedo.<\/p>\n<p>O \u00faltimo exemplo apresenta outro uso importante, chamado frequentemente de futuro do passado. No momento em que ela falou, a chegada ainda estava no futuro, mas toda a situa\u00e7\u00e3o est\u00e1 sendo relatada posteriormente. Por isso, <em>llegar\u00eda<\/em> estabelece uma a\u00e7\u00e3o posterior a outra refer\u00eancia passada.<\/p>\n<h2>Quando o subjuntivo \u00e9 usado em espanhol?<\/h2>\n<p>O subjuntivo n\u00e3o deve ser entendido simplesmente como mais uma forma de passado ou presente. Trata-se de um modo verbal associado a determinados significados e estruturas sint\u00e1ticas. Ele aparece frequentemente quando o falante expressa desejo, d\u00favida, possibilidade, avalia\u00e7\u00e3o, recomenda\u00e7\u00e3o, emo\u00e7\u00e3o ou uma situa\u00e7\u00e3o apresentada como hipot\u00e9tica. Por essa raz\u00e3o, aprender o subjuntivo exige observar n\u00e3o apenas as termina\u00e7\u00f5es verbais, mas tamb\u00e9m as constru\u00e7\u00f5es que o desencadeiam.<\/p>\n<p>Compare <em>S\u00e9 que viene<\/em> e <em>Espero que venga<\/em>. Na primeira frase, <em>s\u00e9 que<\/em> apresenta a informa\u00e7\u00e3o como conhecida, portanto encontramos o indicativo <em>viene<\/em>. Na segunda, <em>espero que<\/em> introduz um desejo ou expectativa, favorecendo o subjuntivo <em>venga<\/em>. Outro exemplo bastante frequente \u00e9 <em>Quiero que estudies m\u00e1s<\/em>, no qual o desejo de uma pessoa est\u00e1 relacionado a uma a\u00e7\u00e3o realizada por outra.<\/p>\n<p><strong>Espero que tengas un buen d\u00eda.<\/strong><br \/>\nEspero que voc\u00ea tenha um bom dia.<\/p>\n<p><strong>Quiero que vengas conmigo.<\/strong><br \/>\nQuero que voc\u00ea venha comigo.<\/p>\n<p><strong>Es posible que llueva esta tarde.<\/strong><br \/>\n\u00c9 poss\u00edvel que chova esta tarde.<\/p>\n<p><strong>No creo que sea necesario.<\/strong><br \/>\nN\u00e3o acredito que seja necess\u00e1rio.<\/p>\n<p>Uma estrat\u00e9gia mais eficiente do que decorar o subjuntivo isoladamente \u00e9 aprender padr\u00f5es completos, como <em>quiero que + subjuntivo<\/em>, <em>es posible que + subjuntivo<\/em>, <em>ojal\u00e1 + subjuntivo<\/em> e <em>no creo que + subjuntivo<\/em>. Assim, o estudante associa a forma verbal a situa\u00e7\u00f5es reais de comunica\u00e7\u00e3o.<\/p>\n<h2>Como os tempos compostos s\u00e3o formados em espanhol?<\/h2>\n<p>Os tempos compostos utilizam uma forma conjugada do verbo <strong>haber<\/strong> acompanhada do partic\u00edpio do verbo principal. \u00c9 essa estrutura que produz formas como <em>he estudiado<\/em>, <em>hab\u00eda estudiado<\/em> e <em>habr\u00e9 estudiado<\/em>. O tempo e o modo s\u00e3o marcados principalmente pela conjuga\u00e7\u00e3o de <em>haber<\/em>, enquanto o partic\u00edpio permanece normalmente invari\u00e1vel.<\/p>\n<p>Nos verbos regulares terminados em <em>-ar<\/em>, o partic\u00edpio costuma terminar em <em>-ado<\/em>: <em>hablar &gt; hablado<\/em>, <em>trabajar &gt; trabajado<\/em>, <em>estudiar &gt; estudiado<\/em>. Nos verbos terminados em <em>-er<\/em> ou <em>-ir<\/em>, geralmente encontramos <em>-ido<\/em>: <em>comer &gt; comido<\/em>, <em>vivir &gt; vivido<\/em>, <em>salir &gt; salido<\/em>. Existem, no entanto, partic\u00edpios irregulares muito frequentes que precisam ser conhecidos.<\/p>\n<p>Alguns exemplos importantes s\u00e3o:<\/p>\n<ul>\n<li><em>hacer &gt; hecho<\/em><\/li>\n<li><em>decir &gt; dicho<\/em><\/li>\n<li><em>escribir &gt; escrito<\/em><\/li>\n<li><em>ver &gt; visto<\/em><\/li>\n<li><em>poner &gt; puesto<\/em><\/li>\n<li><em>volver &gt; vuelto<\/em><\/li>\n<li><em>abrir &gt; abierto<\/em><\/li>\n<li><em>romper &gt; roto<\/em><\/li>\n<\/ul>\n<p>Observe que, em estruturas como <em>hemos escrito tres correos<\/em>, o partic\u00edpio <em>escrito<\/em> n\u00e3o muda para concordar com o sujeito. A pessoa e o n\u00famero aparecem em <em>hemos<\/em>. Identificar essa estrutura facilita bastante o reconhecimento dos tempos compostos, porque o estudante percebe que <em>he hablado<\/em>, <em>hab\u00eda hablado<\/em> e <em>habr\u00e9 hablado<\/em> pertencem \u00e0 mesma fam\u00edlia de constru\u00e7\u00f5es, embora posicionem a a\u00e7\u00e3o de maneiras diferentes.<\/p>\n<h2>Quais erros os brasileiros mais cometem com os tempos verbais em espanhol?<\/h2>\n<p>Um dos erros mais frequentes \u00e9 acreditar que uma forma verbal espanhola sempre corresponde exatamente \u00e0 estrutura aparentemente equivalente em portugu\u00eas. A proximidade entre as duas l\u00ednguas ajuda no aprendizado inicial, mas pode incentivar tradu\u00e7\u00f5es literais. O problema fica especialmente evidente na escolha entre <em>pret\u00e9rito perfecto simple<\/em> e <em>pret\u00e9rito perfecto compuesto<\/em>, no uso do subjuntivo e na conjuga\u00e7\u00e3o de verbos irregulares.<\/p>\n<p>Outro ponto importante \u00e9 a escolha dos pronomes. As conjuga\u00e7\u00f5es variam conforme <em>t\u00fa<\/em>, <em>vos<\/em>, <em>usted<\/em>, <em>vosotros<\/em> ou <em>ustedes<\/em>, e essas formas apresentam diferen\u00e7as regionais. Quem pretende conversar principalmente com latino-americanos encontrar\u00e1 <em>ustedes<\/em> como forma predominante para a segunda pessoa do plural, enquanto <em>vosotros<\/em> \u00e9 caracter\u00edstico de grande parte da Espanha. O <em>voseo<\/em> tamb\u00e9m interfere nas conjuga\u00e7\u00f5es em pa\u00edses e regi\u00f5es onde <em>vos<\/em> \u00e9 utilizado.<\/p>\n<p>Entre os erros que merecem aten\u00e7\u00e3o est\u00e3o:<\/p>\n<ol>\n<li>Aplicar termina\u00e7\u00f5es portuguesas a verbos espanh\u00f3is.<\/li>\n<li>Ignorar irregularidades de verbos muito frequentes.<\/li>\n<li>Utilizar sempre o mesmo passado independentemente do contexto.<\/li>\n<li>Evitar o subjuntivo e substitu\u00ed-lo automaticamente pelo indicativo.<\/li>\n<li>Memorizar tabelas sem observar frases completas.<\/li>\n<li>Desconsiderar diferen\u00e7as regionais de conjuga\u00e7\u00e3o e uso.<\/li>\n<\/ol>\n<p>Essas diferen\u00e7as n\u00e3o significam que seja necess\u00e1rio estudar todas as variedades do espanhol ao mesmo tempo. Para quem est\u00e1 come\u00e7ando, o mais produtivo \u00e9 desenvolver uma base consistente e reconhecer posteriormente as varia\u00e7\u00f5es. A escolha entre <em>t\u00fa<\/em> e <em>vos<\/em>, por exemplo, pode ser aprofundada conforme os pa\u00edses com os quais o estudante pretende ter mais contato.<\/p>\n<h2>Como aprender os tempos verbais em espanhol sem decorar dezenas de tabelas?<\/h2>\n<p>A memoriza\u00e7\u00e3o das termina\u00e7\u00f5es \u00e9 necess\u00e1ria em algum n\u00edvel, mas n\u00e3o deveria ser o \u00fanico m\u00e9todo de estudo. Uma alternativa mais eficiente \u00e9 aprender cada tempo dentro de situa\u00e7\u00f5es comunicativas. Ao estudar o pret\u00e9rito imperfecto, por exemplo, crie frases sobre h\u00e1bitos da inf\u00e2ncia. Para praticar o futuro, escreva sobre seus planos para o pr\u00f3ximo m\u00eas. Para utilizar o pret\u00e9rito perfeito simples, conte o que fez ontem. Dessa maneira, a conjuga\u00e7\u00e3o deixa de ser uma sequ\u00eancia abstrata de termina\u00e7\u00f5es.<\/p>\n<p>Tamb\u00e9m \u00e9 \u00fatil trabalhar com poucos verbos de alta frequ\u00eancia e conjug\u00e1-los em v\u00e1rios contextos antes de ampliar a lista. Verbos como <em>ser, estar, tener, hacer, ir, venir, querer, poder, decir, hablar, comer<\/em> e <em>vivir<\/em> permitem criar centenas de frases. A partir deles, voc\u00ea come\u00e7a a reconhecer padr\u00f5es que ser\u00e3o reutilizados com outros verbos.<\/p>\n<p>Uma rotina pr\u00e1tica pode seguir esta sequ\u00eancia:<\/p>\n<ol>\n<li>Escolha um tempo verbal.<\/li>\n<li>Entenda sua fun\u00e7\u00e3o principal.<\/li>\n<li>Estude tr\u00eas verbos regulares.<\/li>\n<li>Acrescente dois ou tr\u00eas verbos irregulares frequentes.<\/li>\n<li>Escreva frases relacionadas \u00e0 sua pr\u00f3pria rotina.<\/li>\n<li>Transforme algumas frases do presente para o passado ou futuro.<\/li>\n<li>Leia ou escute conte\u00fados em espanhol procurando as mesmas estruturas.<\/li>\n<li>Revise os exemplos alguns dias depois.<\/li>\n<\/ol>\n<p>Al\u00e9m da gram\u00e1tica, \u00e9 importante manter contato constante com situa\u00e7\u00f5es reais de comunica\u00e7\u00e3o. Um plano mais amplo sobre <a href=\"https:\/\/fluency.io\/br\/blog\/como-aprender-espanhol\/\">como aprender espanhol<\/a> pode complementar esse estudo, especialmente para integrar conjuga\u00e7\u00e3o, vocabul\u00e1rio, compreens\u00e3o auditiva e pr\u00e1tica oral.<\/p>\n<h2>Perguntas frequentes sobre tempos verbais em espanhol<\/h2>\n<h3>Quantos tempos verbais existem em espanhol?<\/h3>\n<p>O espanhol possui diversos tempos verbais distribu\u00eddos entre diferentes modos e constru\u00e7\u00f5es simples e compostas. Em vez de tentar estabelecer apenas um n\u00famero para memorizar, \u00e9 mais \u00fatil compreender inicialmente as tr\u00eas grandes refer\u00eancias temporais, presente, passado e futuro, e depois estudar as formas utilizadas dentro delas. Para a comunica\u00e7\u00e3o cotidiana, presente do indicativo, pret\u00e9rito perfeito simples, pret\u00e9rito imperfecto, pret\u00e9rito perfeito composto, futuro e condicional j\u00e1 cobrem uma grande quantidade de situa\u00e7\u00f5es.<\/p>\n<h3>Qual \u00e9 o tempo verbal mais usado em espanhol?<\/h3>\n<p>O presente do indicativo est\u00e1 entre as formas mais frequentes porque permite falar sobre rotina, caracter\u00edsticas, fatos, opini\u00f5es e acontecimentos atuais. Isso n\u00e3o significa que os demais possam ser ignorados. Qualquer conversa um pouco mais desenvolvida exige falar sobre acontecimentos anteriores, planos futuros, hip\u00f3teses e desejos. Portanto, depois de dominar o presente, \u00e9 recomend\u00e1vel avan\u00e7ar para os principais passados e para as estruturas de futuro.<\/p>\n<h3>Qual \u00e9 a diferen\u00e7a entre habl\u00e9 e hablaba?<\/h3>\n<p><em>Habl\u00e9<\/em> apresenta normalmente uma a\u00e7\u00e3o passada como conclu\u00edda, enquanto <em>hablaba<\/em> pode indicar h\u00e1bito, descri\u00e7\u00e3o ou uma a\u00e7\u00e3o que estava em desenvolvimento. Compare <em>Ayer habl\u00e9 con Mar\u00eda<\/em>, que significa &#8220;Ontem falei com Mar\u00eda&#8221;, com <em>Cuando viv\u00eda all\u00ed, hablaba con Mar\u00eda todos los d\u00edas<\/em>, que significa &#8220;Quando morava l\u00e1, falava com Mar\u00eda todos os dias&#8221;. A escolha depende da maneira como a a\u00e7\u00e3o passada \u00e9 apresentada no contexto.<\/p>\n<h3>Qual \u00e9 a diferen\u00e7a entre habl\u00e9 e he hablado?<\/h3>\n<p>As duas formas podem descrever acontecimentos passados, mas a perspectiva n\u00e3o \u00e9 necessariamente igual. <em>Habl\u00e9<\/em> tende a apresentar a a\u00e7\u00e3o dentro de um per\u00edodo encerrado, como em <em>Ayer habl\u00e9 con \u00e9l<\/em>. <em>He hablado<\/em> pode relacionar o acontecimento ao presente, como em <em>Hoy he hablado con \u00e9l<\/em>. A frequ\u00eancia de cada constru\u00e7\u00e3o tamb\u00e9m varia entre diferentes regi\u00f5es do mundo hispanofalante.<\/p>\n<h3>O verbo haber \u00e9 usado em todos os tempos compostos?<\/h3>\n<p>O verbo <em>haber<\/em> funciona como auxiliar na forma\u00e7\u00e3o dos principais tempos compostos do espanhol. A forma de <em>haber<\/em> muda de acordo com o tempo necess\u00e1rio, enquanto o verbo principal aparece no partic\u00edpio. Dessa maneira, encontramos constru\u00e7\u00f5es como <em>he estudiado<\/em>, <em>hab\u00eda estudiado<\/em>, <em>habr\u00e9 estudiado<\/em> e <em>habr\u00eda estudiado<\/em>. Reconhecer esse padr\u00e3o reduz bastante a quantidade de estruturas que parecem precisar ser aprendidas separadamente.<\/p>\n<h3>Preciso aprender vosotros para falar espanhol?<\/h3>\n<p>Depende principalmente da variedade de espanhol com a qual voc\u00ea pretende ter contato. <em>Vosotros<\/em> \u00e9 utilizado como segunda pessoa do plural informal em grande parte da Espanha. Na Am\u00e9rica Latina, <em>ustedes<\/em> \u00e9 a forma predominante para &#8220;voc\u00eas&#8221;, inclusive em situa\u00e7\u00f5es informais. Portanto, um estudante focado no espanhol latino-americano precisa reconhecer <em>vosotros<\/em>, mas n\u00e3o necessariamente utiliz\u00e1-lo com a mesma frequ\u00eancia de quem estuda espanhol europeu.<\/p>\n<h3>Como saber quando usar o subjuntivo em espanhol?<\/h3>\n<p>N\u00e3o existe uma \u00fanica regra baseada apenas no tempo da a\u00e7\u00e3o. O subjuntivo aparece em determinados contextos de desejo, possibilidade, avalia\u00e7\u00e3o, d\u00favida, emo\u00e7\u00e3o e hip\u00f3tese, al\u00e9m de estruturas gramaticais espec\u00edficas. Por isso, \u00e9 recomend\u00e1vel aprender constru\u00e7\u00f5es completas, como <em>quiero que vengas<\/em>, <em>es posible que llueva<\/em> e <em>ojal\u00e1 tengas suerte<\/em>, em vez de tentar escolher o subjuntivo apenas traduzindo frases do portugu\u00eas.<\/p>\n<h2>Conclus\u00e3o<\/h2>\n<p>Dominar os <strong>tempos verbais em espanhol<\/strong> significa aprender a expressar n\u00e3o apenas quando uma a\u00e7\u00e3o acontece, mas tamb\u00e9m como ela se relaciona com outros acontecimentos e com a perspectiva do falante. O presente permite falar de rotina, fatos e situa\u00e7\u00f5es atuais, enquanto os diferentes passados distinguem acontecimentos conclu\u00eddos, h\u00e1bitos, descri\u00e7\u00f5es e a\u00e7\u00f5es anteriores a outras refer\u00eancias passadas. O futuro, o condicional e as constru\u00e7\u00f5es do subjuntivo ampliam ainda mais as possibilidades de expressar planos, hip\u00f3teses, desejos e incertezas.<\/p>\n<p>Para aprender essas estruturas com seguran\u00e7a, vale evitar a tentativa de memorizar todas as conjuga\u00e7\u00f5es simultaneamente. Comece pelos verbos mais frequentes, observe frases completas e pratique cada tempo em situa\u00e7\u00f5es concretas. Depois, compare estruturas semelhantes, especialmente <em>habl\u00e9<\/em>, <em>hablaba<\/em> e <em>he hablado<\/em>, porque essas diferen\u00e7as ajudam a desenvolver uma compreens\u00e3o mais natural do idioma.<\/p>\n<p>Com exposi\u00e7\u00e3o constante, leitura, escuta e produ\u00e7\u00e3o de frases pr\u00f3prias, as conjuga\u00e7\u00f5es deixam gradualmente de ser tabelas isoladas e passam a funcionar como recursos naturais para organizar ideias e se comunicar em espanhol.<\/p>\n","protected":false},"excerpt":{"rendered":"<p>Expanda sua compreens\u00e3o dos tempos verbais em espanhol e aprimore seu dom\u00ednio do idioma com nosso conte\u00fado detalhado. Aprender a us\u00e1-los \u00e9 uma etapa fundamental do aprendizado de qualquer idioma. Por isso, n\u00e3o perca tempo: mergulhe nesse artigo com a gente!<\/p>\n","protected":false},"author":6,"featured_media":73796,"comment_status":"open","ping_status":"open","sticky":false,"template":"","format":[186],"meta":{"inline_featured_image":false,"footnotes":""},"categories":[160],"tags":[],"trilha":[],"class_list":["post-69917","post","type-post","status-publish","format-standard","has-post-thumbnail","hentry","category-gramatica","format-artigos"],"acf":[],"yoast_head":"<!-- This site is optimized with the Yoast SEO plugin v28.1 - https:\/\/yoast.com\/product\/yoast-seo-wordpress\/ -->\n<title>Tempos verbais em espanhol: usos, regras e exemplos<\/title>\n<meta name=\"description\" content=\"Tempos verbais em espanhol, quando usar presente, passado e futuro, como formar cada estrutura e veja exemplos pr\u00e1ticos de conjuga\u00e7\u00e3o\" \/>\n<meta name=\"robots\" content=\"index, follow, max-snippet:-1, max-image-preview:large, max-video-preview:-1\" \/>\n<link rel=\"canonical\" href=\"https:\/\/fluency.io\/br\/blog\/tempos-verbais-em-espanhol\/\" \/>\n<meta property=\"og:locale\" content=\"pt_BR\" \/>\n<meta property=\"og:type\" content=\"article\" \/>\n<meta property=\"og:title\" content=\"Tempos verbais em espanhol: usos, regras e exemplos\" \/>\n<meta property=\"og:description\" content=\"Tempos verbais em espanhol, quando usar presente, passado e futuro, como formar cada estrutura e veja exemplos pr\u00e1ticos de conjuga\u00e7\u00e3o\" \/>\n<meta property=\"og:url\" content=\"https:\/\/fluency.io\/br\/blog\/tempos-verbais-em-espanhol\/\" \/>\n<meta property=\"og:site_name\" content=\"Fluency.io Brasil\" \/>\n<meta property=\"article:published_time\" content=\"2023-12-21T20:33:45+00:00\" \/>\n<meta property=\"article:modified_time\" content=\"2026-08-18T13:54:31+00:00\" \/>\n<meta property=\"og:image\" content=\"https:\/\/fluency.io\/br\/wp-content\/uploads\/sites\/3\/2023\/12\/Tempos-verbais-em-espanhol.jpg\" \/>\n\t<meta property=\"og:image:width\" content=\"1210\" \/>\n\t<meta property=\"og:image:height\" content=\"680\" \/>\n\t<meta property=\"og:image:type\" content=\"image\/jpeg\" \/>\n<meta name=\"twitter:card\" content=\"summary_large_image\" \/>\n<meta name=\"twitter:label1\" content=\"Escrito por\" \/>\n\t<meta name=\"twitter:data1\" content=\"marcelo\" \/>\n\t<meta name=\"twitter:label2\" content=\"Est. tempo de leitura\" \/>\n\t<meta name=\"twitter:data2\" content=\"23 minutos\" \/>\n<script type=\"application\/ld+json\" class=\"yoast-schema-graph\">{\"@context\":\"https:\\\/\\\/schema.org\",\"@graph\":[{\"@type\":\"Article\",\"@id\":\"https:\\\/\\\/fluency.io\\\/br\\\/blog\\\/tempos-verbais-em-espanhol\\\/#article\",\"isPartOf\":{\"@id\":\"https:\\\/\\\/fluency.io\\\/br\\\/blog\\\/tempos-verbais-em-espanhol\\\/\"},\"author\":{\"name\":\"marcelo\",\"@id\":\"https:\\\/\\\/fluency.io\\\/br\\\/#\\\/schema\\\/person\\\/395d83f1006a72bd4912230eea50ff6f\"},\"headline\":\"Tempos verbais em espanhol: como funcionam e quando usar\",\"datePublished\":\"2023-12-21T20:33:45+00:00\",\"dateModified\":\"2026-08-18T13:54:31+00:00\",\"mainEntityOfPage\":{\"@id\":\"https:\\\/\\\/fluency.io\\\/br\\\/blog\\\/tempos-verbais-em-espanhol\\\/\"},\"wordCount\":4556,\"commentCount\":0,\"image\":{\"@id\":\"https:\\\/\\\/fluency.io\\\/br\\\/blog\\\/tempos-verbais-em-espanhol\\\/#primaryimage\"},\"thumbnailUrl\":\"https:\\\/\\\/fluency.io\\\/br\\\/wp-content\\\/uploads\\\/sites\\\/3\\\/2023\\\/12\\\/Tempos-verbais-em-espanhol.jpg\",\"articleSection\":[\"Gram\u00e1tica\"],\"inLanguage\":\"pt-BR\",\"potentialAction\":[{\"@type\":\"CommentAction\",\"name\":\"Comment\",\"target\":[\"https:\\\/\\\/fluency.io\\\/br\\\/blog\\\/tempos-verbais-em-espanhol\\\/#respond\"]}]},{\"@type\":\"WebPage\",\"@id\":\"https:\\\/\\\/fluency.io\\\/br\\\/blog\\\/tempos-verbais-em-espanhol\\\/\",\"url\":\"https:\\\/\\\/fluency.io\\\/br\\\/blog\\\/tempos-verbais-em-espanhol\\\/\",\"name\":\"Tempos verbais em espanhol: usos, regras e exemplos\",\"isPartOf\":{\"@id\":\"https:\\\/\\\/fluency.io\\\/br\\\/#website\"},\"primaryImageOfPage\":{\"@id\":\"https:\\\/\\\/fluency.io\\\/br\\\/blog\\\/tempos-verbais-em-espanhol\\\/#primaryimage\"},\"image\":{\"@id\":\"https:\\\/\\\/fluency.io\\\/br\\\/blog\\\/tempos-verbais-em-espanhol\\\/#primaryimage\"},\"thumbnailUrl\":\"https:\\\/\\\/fluency.io\\\/br\\\/wp-content\\\/uploads\\\/sites\\\/3\\\/2023\\\/12\\\/Tempos-verbais-em-espanhol.jpg\",\"datePublished\":\"2023-12-21T20:33:45+00:00\",\"dateModified\":\"2026-08-18T13:54:31+00:00\",\"author\":{\"@id\":\"https:\\\/\\\/fluency.io\\\/br\\\/#\\\/schema\\\/person\\\/395d83f1006a72bd4912230eea50ff6f\"},\"description\":\"Tempos verbais em espanhol, quando usar presente, passado e futuro, como formar cada estrutura e veja exemplos pr\u00e1ticos de conjuga\u00e7\u00e3o\",\"breadcrumb\":{\"@id\":\"https:\\\/\\\/fluency.io\\\/br\\\/blog\\\/tempos-verbais-em-espanhol\\\/#breadcrumb\"},\"inLanguage\":\"pt-BR\",\"potentialAction\":[{\"@type\":\"ReadAction\",\"target\":[\"https:\\\/\\\/fluency.io\\\/br\\\/blog\\\/tempos-verbais-em-espanhol\\\/\"]}]},{\"@type\":\"ImageObject\",\"inLanguage\":\"pt-BR\",\"@id\":\"https:\\\/\\\/fluency.io\\\/br\\\/blog\\\/tempos-verbais-em-espanhol\\\/#primaryimage\",\"url\":\"https:\\\/\\\/fluency.io\\\/br\\\/wp-content\\\/uploads\\\/sites\\\/3\\\/2023\\\/12\\\/Tempos-verbais-em-espanhol.jpg\",\"contentUrl\":\"https:\\\/\\\/fluency.io\\\/br\\\/wp-content\\\/uploads\\\/sites\\\/3\\\/2023\\\/12\\\/Tempos-verbais-em-espanhol.jpg\",\"width\":1210,\"height\":680,\"caption\":\"Tempos verbais em espanhol\"},{\"@type\":\"BreadcrumbList\",\"@id\":\"https:\\\/\\\/fluency.io\\\/br\\\/blog\\\/tempos-verbais-em-espanhol\\\/#breadcrumb\",\"itemListElement\":[{\"@type\":\"ListItem\",\"position\":1,\"name\":\"Home\",\"item\":\"https:\\\/\\\/fluency.io\\\/br\\\/\"},{\"@type\":\"ListItem\",\"position\":2,\"name\":\"Tempos verbais em espanhol: como funcionam e quando usar\"}]},{\"@type\":\"WebSite\",\"@id\":\"https:\\\/\\\/fluency.io\\\/br\\\/#website\",\"url\":\"https:\\\/\\\/fluency.io\\\/br\\\/\",\"name\":\"Fluency Academy\",\"description\":\"\",\"potentialAction\":[{\"@type\":\"SearchAction\",\"target\":{\"@type\":\"EntryPoint\",\"urlTemplate\":\"https:\\\/\\\/fluency.io\\\/br\\\/?s={search_term_string}\"},\"query-input\":{\"@type\":\"PropertyValueSpecification\",\"valueRequired\":true,\"valueName\":\"search_term_string\"}}],\"inLanguage\":\"pt-BR\"},{\"@type\":\"Person\",\"@id\":\"https:\\\/\\\/fluency.io\\\/br\\\/#\\\/schema\\\/person\\\/395d83f1006a72bd4912230eea50ff6f\",\"name\":\"marcelo\",\"image\":{\"@type\":\"ImageObject\",\"inLanguage\":\"pt-BR\",\"@id\":\"https:\\\/\\\/secure.gravatar.com\\\/avatar\\\/9050681441880d21ef4048d38965a107dc5b77bf302f57fa3939973bdafa41d8?s=96&d=mm&r=g\",\"url\":\"https:\\\/\\\/secure.gravatar.com\\\/avatar\\\/9050681441880d21ef4048d38965a107dc5b77bf302f57fa3939973bdafa41d8?s=96&d=mm&r=g\",\"contentUrl\":\"https:\\\/\\\/secure.gravatar.com\\\/avatar\\\/9050681441880d21ef4048d38965a107dc5b77bf302f57fa3939973bdafa41d8?s=96&d=mm&r=g\",\"caption\":\"marcelo\"}}]}<\/script>\n<!-- \/ Yoast SEO plugin. -->","yoast_head_json":{"title":"Tempos verbais em espanhol: usos, regras e exemplos","description":"Tempos verbais em espanhol, quando usar presente, passado e futuro, como formar cada estrutura e veja exemplos pr\u00e1ticos de conjuga\u00e7\u00e3o","robots":{"index":"index","follow":"follow","max-snippet":"max-snippet:-1","max-image-preview":"max-image-preview:large","max-video-preview":"max-video-preview:-1"},"canonical":"https:\/\/fluency.io\/br\/blog\/tempos-verbais-em-espanhol\/","og_locale":"pt_BR","og_type":"article","og_title":"Tempos verbais em espanhol: usos, regras e exemplos","og_description":"Tempos verbais em espanhol, quando usar presente, passado e futuro, como formar cada estrutura e veja exemplos pr\u00e1ticos de conjuga\u00e7\u00e3o","og_url":"https:\/\/fluency.io\/br\/blog\/tempos-verbais-em-espanhol\/","og_site_name":"Fluency.io Brasil","article_published_time":"2023-12-21T20:33:45+00:00","article_modified_time":"2026-08-18T13:54:31+00:00","og_image":[{"width":1210,"height":680,"url":"https:\/\/fluency.io\/br\/wp-content\/uploads\/sites\/3\/2023\/12\/Tempos-verbais-em-espanhol.jpg","type":"image\/jpeg"}],"twitter_card":"summary_large_image","twitter_misc":{"Escrito por":"marcelo","Est. tempo de leitura":"23 minutos"},"schema":{"@context":"https:\/\/schema.org","@graph":[{"@type":"Article","@id":"https:\/\/fluency.io\/br\/blog\/tempos-verbais-em-espanhol\/#article","isPartOf":{"@id":"https:\/\/fluency.io\/br\/blog\/tempos-verbais-em-espanhol\/"},"author":{"name":"marcelo","@id":"https:\/\/fluency.io\/br\/#\/schema\/person\/395d83f1006a72bd4912230eea50ff6f"},"headline":"Tempos verbais em espanhol: como funcionam e quando usar","datePublished":"2023-12-21T20:33:45+00:00","dateModified":"2026-08-18T13:54:31+00:00","mainEntityOfPage":{"@id":"https:\/\/fluency.io\/br\/blog\/tempos-verbais-em-espanhol\/"},"wordCount":4556,"commentCount":0,"image":{"@id":"https:\/\/fluency.io\/br\/blog\/tempos-verbais-em-espanhol\/#primaryimage"},"thumbnailUrl":"https:\/\/fluency.io\/br\/wp-content\/uploads\/sites\/3\/2023\/12\/Tempos-verbais-em-espanhol.jpg","articleSection":["Gram\u00e1tica"],"inLanguage":"pt-BR","potentialAction":[{"@type":"CommentAction","name":"Comment","target":["https:\/\/fluency.io\/br\/blog\/tempos-verbais-em-espanhol\/#respond"]}]},{"@type":"WebPage","@id":"https:\/\/fluency.io\/br\/blog\/tempos-verbais-em-espanhol\/","url":"https:\/\/fluency.io\/br\/blog\/tempos-verbais-em-espanhol\/","name":"Tempos verbais em espanhol: usos, regras e exemplos","isPartOf":{"@id":"https:\/\/fluency.io\/br\/#website"},"primaryImageOfPage":{"@id":"https:\/\/fluency.io\/br\/blog\/tempos-verbais-em-espanhol\/#primaryimage"},"image":{"@id":"https:\/\/fluency.io\/br\/blog\/tempos-verbais-em-espanhol\/#primaryimage"},"thumbnailUrl":"https:\/\/fluency.io\/br\/wp-content\/uploads\/sites\/3\/2023\/12\/Tempos-verbais-em-espanhol.jpg","datePublished":"2023-12-21T20:33:45+00:00","dateModified":"2026-08-18T13:54:31+00:00","author":{"@id":"https:\/\/fluency.io\/br\/#\/schema\/person\/395d83f1006a72bd4912230eea50ff6f"},"description":"Tempos verbais em espanhol, quando usar presente, passado e futuro, como formar cada estrutura e veja exemplos pr\u00e1ticos de conjuga\u00e7\u00e3o","breadcrumb":{"@id":"https:\/\/fluency.io\/br\/blog\/tempos-verbais-em-espanhol\/#breadcrumb"},"inLanguage":"pt-BR","potentialAction":[{"@type":"ReadAction","target":["https:\/\/fluency.io\/br\/blog\/tempos-verbais-em-espanhol\/"]}]},{"@type":"ImageObject","inLanguage":"pt-BR","@id":"https:\/\/fluency.io\/br\/blog\/tempos-verbais-em-espanhol\/#primaryimage","url":"https:\/\/fluency.io\/br\/wp-content\/uploads\/sites\/3\/2023\/12\/Tempos-verbais-em-espanhol.jpg","contentUrl":"https:\/\/fluency.io\/br\/wp-content\/uploads\/sites\/3\/2023\/12\/Tempos-verbais-em-espanhol.jpg","width":1210,"height":680,"caption":"Tempos verbais em espanhol"},{"@type":"BreadcrumbList","@id":"https:\/\/fluency.io\/br\/blog\/tempos-verbais-em-espanhol\/#breadcrumb","itemListElement":[{"@type":"ListItem","position":1,"name":"Home","item":"https:\/\/fluency.io\/br\/"},{"@type":"ListItem","position":2,"name":"Tempos verbais em espanhol: como funcionam e quando usar"}]},{"@type":"WebSite","@id":"https:\/\/fluency.io\/br\/#website","url":"https:\/\/fluency.io\/br\/","name":"Fluency Academy","description":"","potentialAction":[{"@type":"SearchAction","target":{"@type":"EntryPoint","urlTemplate":"https:\/\/fluency.io\/br\/?s={search_term_string}"},"query-input":{"@type":"PropertyValueSpecification","valueRequired":true,"valueName":"search_term_string"}}],"inLanguage":"pt-BR"},{"@type":"Person","@id":"https:\/\/fluency.io\/br\/#\/schema\/person\/395d83f1006a72bd4912230eea50ff6f","name":"marcelo","image":{"@type":"ImageObject","inLanguage":"pt-BR","@id":"https:\/\/secure.gravatar.com\/avatar\/9050681441880d21ef4048d38965a107dc5b77bf302f57fa3939973bdafa41d8?s=96&d=mm&r=g","url":"https:\/\/secure.gravatar.com\/avatar\/9050681441880d21ef4048d38965a107dc5b77bf302f57fa3939973bdafa41d8?s=96&d=mm&r=g","contentUrl":"https:\/\/secure.gravatar.com\/avatar\/9050681441880d21ef4048d38965a107dc5b77bf302f57fa3939973bdafa41d8?s=96&d=mm&r=g","caption":"marcelo"}}]}},"_links":{"self":[{"href":"https:\/\/fluency.io\/br\/wp-json\/wp\/v2\/posts\/69917","targetHints":{"allow":["GET"]}}],"collection":[{"href":"https:\/\/fluency.io\/br\/wp-json\/wp\/v2\/posts"}],"about":[{"href":"https:\/\/fluency.io\/br\/wp-json\/wp\/v2\/types\/post"}],"author":[{"embeddable":true,"href":"https:\/\/fluency.io\/br\/wp-json\/wp\/v2\/users\/6"}],"replies":[{"embeddable":true,"href":"https:\/\/fluency.io\/br\/wp-json\/wp\/v2\/comments?post=69917"}],"version-history":[{"count":5,"href":"https:\/\/fluency.io\/br\/wp-json\/wp\/v2\/posts\/69917\/revisions"}],"predecessor-version":[{"id":207009,"href":"https:\/\/fluency.io\/br\/wp-json\/wp\/v2\/posts\/69917\/revisions\/207009"}],"wp:featuredmedia":[{"embeddable":true,"href":"https:\/\/fluency.io\/br\/wp-json\/wp\/v2\/media\/73796"}],"wp:attachment":[{"href":"https:\/\/fluency.io\/br\/wp-json\/wp\/v2\/media?parent=69917"}],"wp:term":[{"taxonomy":"category","embeddable":true,"href":"https:\/\/fluency.io\/br\/wp-json\/wp\/v2\/categories?post=69917"},{"taxonomy":"post_tag","embeddable":true,"href":"https:\/\/fluency.io\/br\/wp-json\/wp\/v2\/tags?post=69917"},{"taxonomy":"format","embeddable":true,"href":"https:\/\/fluency.io\/br\/wp-json\/wp\/v2\/format?post=69917"},{"taxonomy":"trilha","embeddable":true,"href":"https:\/\/fluency.io\/br\/wp-json\/wp\/v2\/trilha?post=69917"}],"curies":[{"name":"wp","href":"https:\/\/api.w.org\/{rel}","templated":true}]}}