{"id":78973,"date":"2024-06-19T14:07:07","date_gmt":"2024-06-19T17:07:07","guid":{"rendered":"https:\/\/fluency.io\/br\/?post_type=post&#038;p=78973"},"modified":"2024-08-26T10:55:53","modified_gmt":"2024-08-26T13:55:53","slug":"verbos-em-alemao-os-100-mais-utilizados","status":"publish","type":"post","link":"https:\/\/fluency.io\/br\/blog\/verbos-em-alemao-os-100-mais-utilizados\/","title":{"rendered":"Verbos em Alem\u00e3o: Os 100 Mais Utilizados"},"content":{"rendered":"<p>Os verbos em alem\u00e3o formam uma parte fundamental na aprendizagem da l\u00edngua alem\u00e3. Neste artigo, vamos explorar os detalhes e caracter\u00edsticas de alguns verbos alem\u00e3es para ajud\u00e1-lo a compreender melhor e aprimorar suas habilidades lingu\u00edsticas.<\/p>\n<h2>Compreendendo a estrutura dos verbos em alem\u00e3o<\/h2>\n<p>O alem\u00e3o \u00e9 uma l\u00edngua com uma estrutura gramatical bastante r\u00edgida, e isso tamb\u00e9m se aplica aos seus verbos. No geral, os verbos em alem\u00e3o s\u00e3o classificados em verbos regulares e irregulares. A diferen\u00e7a entre eles est\u00e1 principalmente na forma como s\u00e3o conjugados nos diferentes tempos verbais. Tamb\u00e9m \u00e9 importante notar que, assim como em portugu\u00eas, os verbos em alem\u00e3o concordam em n\u00famero e pessoa com o sujeito da frase.<\/p>\n<ul>\n<li><i>gehen<\/i> (ir): <i>Ich gehe ins Kino<\/i> (Eu vou ao cinema)<\/li>\n<li><i>schlafen<\/i> (dormir): <i>Er schl\u00e4ft schon<\/i> (Ele j\u00e1 est\u00e1 dormindo)<\/li>\n<li><i>essen<\/i> (comer): <i>Wir essen Pizza<\/i> (N\u00f3s comemos pizza)<\/li>\n<li><i>trinken<\/i> (beber): <i>Sie trinkt Kaffee<\/i> (Ela bebe caf\u00e9)<\/li>\n<li><i>lesen<\/i> (ler): <i>Ich lese ein Buch<\/i> (Eu leio um livro)<\/li>\n<\/ul>\n<h2>Os 100 Verbos Mais Utilizados no Alem\u00e3o<\/h2>\n<p>Os verbos s\u00e3o fundamentais na constru\u00e7\u00e3o de frases em qualquer idioma. No alem\u00e3o, alguns verbos s\u00e3o usados com mais frequ\u00eancia devido \u00e0 sua import\u00e2ncia no dia a dia. Esta lista traz os 100 verbos mais utilizados no alem\u00e3o, agrupados em subcap\u00edtulos de acordo com a coer\u00eancia de uso.<\/p>\n<h2 id=\"verbos-de-acao-comuns\">1. Verbos de A\u00e7\u00e3o Comuns<\/h2>\n<p>Estes verbos s\u00e3o frequentemente usados para descrever a\u00e7\u00f5es cotidianas e s\u00e3o essenciais para a comunica\u00e7\u00e3o b\u00e1sica em alem\u00e3o.<\/p>\n<ol>\n<li><strong><em>Machen<\/em><\/strong> &#8211; fazer<\/li>\n<li><strong><em>Geben<\/em><\/strong> &#8211; dar<\/li>\n<li><strong><em>Nehmen<\/em><\/strong> &#8211; tomar, pegar<\/li>\n<li><strong><em>Finden<\/em><\/strong> &#8211; encontrar<\/li>\n<li><strong><em>Bringen<\/em><\/strong> &#8211; trazer<\/li>\n<li><strong><em>Lassen<\/em><\/strong> &#8211; deixar<\/li>\n<li><strong><em>Halten<\/em><\/strong> &#8211; segurar, manter<\/li>\n<li><strong><em>Sehen<\/em><\/strong> &#8211; ver<\/li>\n<li><strong><em>H\u00f6ren<\/em><\/strong> &#8211; ouvir<\/li>\n<li><strong><em>Lesen<\/em><\/strong> &#8211; ler<\/li>\n<li><strong><em>Schreiben<\/em><\/strong> &#8211; escrever<\/li>\n<li><strong><em>Spielen<\/em><\/strong> &#8211; jogar, brincar<\/li>\n<li><strong><em>Arbeiten<\/em><\/strong> &#8211; trabalhar<\/li>\n<li><strong><em>\u00d6ffnen<\/em><\/strong> &#8211; abrir<\/li>\n<li><strong><em>Schlie\u00dfen<\/em><\/strong> &#8211; fechar<\/li>\n<li><strong><em>Kaufen<\/em><\/strong> &#8211; comprar<\/li>\n<li><strong><em>Verkaufen<\/em><\/strong> &#8211; vender<\/li>\n<li><strong><em>Bauen<\/em><\/strong> &#8211; construir<\/li>\n<li><strong><em>Kochen<\/em><\/strong> &#8211; cozinhar<\/li>\n<li><strong><em>Backen<\/em><\/strong> &#8211; assar<\/li>\n<\/ol>\n<h2 id=\"verbos-de-estado-e-condicao\">2. Verbos de Estado e Condi\u00e7\u00e3o<\/h2>\n<p>Esses verbos descrevem estados e condi\u00e7\u00f5es, sejam f\u00edsicos ou emocionais, e s\u00e3o fundamentais para expressar situa\u00e7\u00f5es e sentimentos.<\/p>\n<ol start=\"21\">\n<li><strong><em>Sein<\/em><\/strong> &#8211; ser, estar<\/li>\n<li><strong><em>Haben<\/em><\/strong> &#8211; ter<\/li>\n<li><strong><em>Werden<\/em><\/strong> &#8211; tornar-se<\/li>\n<li><strong><em>Bleiben<\/em><\/strong> &#8211; ficar, permanecer<\/li>\n<li><strong><em>Liegen<\/em><\/strong> &#8211; estar deitado<\/li>\n<li><strong><em>Stehen<\/em><\/strong> &#8211; estar em p\u00e9<\/li>\n<li><strong><em>Sitzen<\/em><\/strong> &#8211; sentar<\/li>\n<li><strong><em>Existieren<\/em><\/strong> &#8211; existir<\/li>\n<li><strong><em>Leben<\/em><\/strong> &#8211; viver<\/li>\n<li><strong><em>Wohnen<\/em><\/strong> &#8211; residir, morar<\/li>\n<li><strong><em>Schlafen<\/em><\/strong> &#8211; dormir<\/li>\n<li><strong><em>Tr\u00e4umen<\/em><\/strong> &#8211; sonhar<\/li>\n<li><strong><em>Wachen<\/em><\/strong> &#8211; acordar<\/li>\n<li><strong><em>Aufstehen<\/em><\/strong> &#8211; levantar-se<\/li>\n<\/ol>\n<h2 id=\"verbos-de-comunicacao\">3. Verbos de Comunica\u00e7\u00e3o<\/h2>\n<p>Verbos que s\u00e3o essenciais para qualquer tipo de intera\u00e7\u00e3o verbal ou escrita. Eles ajudam a transmitir informa\u00e7\u00f5es e a se comunicar efetivamente.<\/p>\n<ol start=\"35\">\n<li><strong><em>Sprechen<\/em><\/strong> &#8211; falar<\/li>\n<li><strong><em>Sagen<\/em><\/strong> &#8211; dizer<\/li>\n<li><strong><em>Fragen<\/em><\/strong> &#8211; perguntar<\/li>\n<li><strong><em>Antworten<\/em><\/strong> &#8211; responder<\/li>\n<li><strong><em>Erz\u00e4hlen<\/em><\/strong> &#8211; contar, narrar<\/li>\n<li><strong><em>Erkl\u00e4ren<\/em><\/strong> &#8211; explicar<\/li>\n<li><strong><em>Rufen<\/em><\/strong> &#8211; chamar<\/li>\n<li><strong><em>Schreien<\/em><\/strong> &#8211; gritar<\/li>\n<li><strong><em>Schweigen<\/em><\/strong> &#8211; calar-se<\/li>\n<li><strong><em>Telefonieren<\/em><\/strong> &#8211; telefonar<\/li>\n<li><strong><em>Diskutieren<\/em><\/strong> &#8211; discutir<\/li>\n<li><strong><em>Streiten<\/em><\/strong> &#8211; brigar<\/li>\n<li><strong><em>Fl\u00fcstern<\/em><\/strong> &#8211; sussurrar<\/li>\n<\/ol>\n<h2 id=\"verbos-de-movimento\">4. Verbos de Movimento<\/h2>\n<p>Esses verbos descrevem v\u00e1rias formas de movimento e s\u00e3o frequentemente utilizados em contextos di\u00e1rios, descrevendo a\u00e7\u00f5es f\u00edsicas.<\/p>\n<ol start=\"48\">\n<li><strong><em>Gehen<\/em><\/strong> &#8211; ir, caminhar<\/li>\n<li><strong><em>Kommen<\/em><\/strong> &#8211; vir<\/li>\n<li><strong><em>Fahren<\/em><\/strong> &#8211; dirigir, viajar<\/li>\n<li><strong><em>Laufen<\/em><\/strong> &#8211; correr<\/li>\n<li><strong><em>Rennen<\/em><\/strong> &#8211; correr<\/li>\n<li><strong><em>Fliegen<\/em><\/strong> &#8211; voar<\/li>\n<li><strong><em>Steigen<\/em><\/strong> &#8211; subir<\/li>\n<li><strong><em>Fallen<\/em><\/strong> &#8211; cair<\/li>\n<li><strong><em>H\u00fcpfen<\/em><\/strong> &#8211; pular<\/li>\n<li><strong><em>Springen<\/em><\/strong> &#8211; saltar<\/li>\n<li><strong><em>Wandern<\/em><\/strong> &#8211; caminhar (longa dist\u00e2ncia)<\/li>\n<li><strong><em>Schwimmen<\/em><\/strong> &#8211; nadar<\/li>\n<li><strong><em>Reiten<\/em><\/strong> &#8211; cavalgar<\/li>\n<\/ol>\n<h2 id=\"verbos-auxiliares\">5. Verbos Auxiliares<\/h2>\n<p>Os verbos auxiliares s\u00e3o essenciais para a constru\u00e7\u00e3o de tempos verbais compostos e para expressar modalidades como capacidade, obriga\u00e7\u00e3o, permiss\u00e3o e desejo.<\/p>\n<ol start=\"61\">\n<li><strong><em>K\u00f6nnen<\/em><\/strong> &#8211; poder, ser capaz<\/li>\n<li><strong><em>M\u00fcssen<\/em><\/strong> &#8211; dever, ter que<\/li>\n<li><strong><em>Wollen<\/em><\/strong> &#8211; querer<\/li>\n<li><strong><em>Sollen<\/em><\/strong> &#8211; dever (moral)<\/li>\n<li><strong><em>D\u00fcrfen<\/em><\/strong> &#8211; ter permiss\u00e3o<\/li>\n<li><strong><em>M\u00f6gen<\/em><\/strong> &#8211; gostar<\/li>\n<\/ol>\n<h2 id=\"verbos-de-pensamento-e-sentimento\">6. Verbos de Pensamento e Sentimento<\/h2>\n<p>Esses verbos s\u00e3o usados para expressar pensamentos, cren\u00e7as, sentimentos e emo\u00e7\u00f5es, sendo fundamentais para descrever estados internos e subjetivos.<\/p>\n<ol start=\"67\">\n<li><strong><em>Denken<\/em><\/strong> &#8211; pensar<\/li>\n<li><strong><em>Glauben<\/em><\/strong> &#8211; acreditar<\/li>\n<li><strong><em>Wissen<\/em><\/strong> &#8211; saber<\/li>\n<li><strong><em>F\u00fchlen<\/em><\/strong> &#8211; sentir<\/li>\n<li><strong><em>Lieben<\/em><\/strong> &#8211; amar<\/li>\n<li><strong><em>M\u00f6gen<\/em><\/strong> &#8211; gostar<\/li>\n<li><strong><em>Hoffen<\/em><\/strong> &#8211; esperar<\/li>\n<li><strong><em>F\u00fcrchten<\/em><\/strong> &#8211; temer<\/li>\n<li><strong><em>Zweifeln<\/em><\/strong> &#8211; duvidar<\/li>\n<li><strong><em>Tr\u00e4umen<\/em><\/strong> &#8211; sonhar<\/li>\n<li><strong><em>Erinnern<\/em><\/strong> &#8211; lembrar<\/li>\n<li><strong><em>Vergessen<\/em><\/strong> &#8211; esquecer<\/li>\n<\/ol>\n<h2 id=\"verbos-de-necessidade-e-desejo\">7. Verbos de Necessidade e Desejo<\/h2>\n<p>Esses verbos expressam necessidades, desejos e exig\u00eancias, sendo importantes para comunicar inten\u00e7\u00f5es e vontades.<\/p>\n<ol start=\"79\">\n<li><strong><em>Brauchen<\/em><\/strong> &#8211; precisar<\/li>\n<li><strong><em>W\u00fcnschen<\/em><\/strong> &#8211; desejar<\/li>\n<li><strong><em>Fordern<\/em><\/strong> &#8211; exigir<\/li>\n<li><strong><em>Bitten<\/em><\/strong> &#8211; pedir<\/li>\n<li><strong><em>Verlangen<\/em><\/strong> &#8211; requerer<\/li>\n<li><strong><em>Hoffen<\/em><\/strong> &#8211; esperar<\/li>\n<li><strong><em>Begehren<\/em><\/strong> &#8211; cobi\u00e7ar<\/li>\n<li><strong><em>Bed\u00fcrfen<\/em><\/strong> &#8211; necessitar<\/li>\n<\/ol>\n<h2 id=\"verbos-relacionais\">8. Verbos Relacionais<\/h2>\n<p>Verbos que descrevem rela\u00e7\u00f5es e intera\u00e7\u00f5es entre pessoas, essenciais para falar sobre conex\u00f5es e a\u00e7\u00f5es sociais.<\/p>\n<ol start=\"87\">\n<li><strong><em>Lieben<\/em><\/strong> &#8211; amar<\/li>\n<li><strong><em>Hassen<\/em><\/strong> &#8211; odiar<\/li>\n<li><strong><em>Kennen<\/em><\/strong> &#8211; conhecer<\/li>\n<li><strong><em>Treffen<\/em><\/strong> &#8211; encontrar<\/li>\n<li><strong><em>Verstehen<\/em><\/strong> &#8211; entender<\/li>\n<li><strong><em>Verzeihen<\/em><\/strong> &#8211; perdoar<\/li>\n<li><strong><em>Helfen<\/em><\/strong> &#8211; ajudar<\/li>\n<li><strong><em>Danken<\/em><\/strong> &#8211; agradecer<\/li>\n<li><strong><em>Vergeben<\/em><\/strong> &#8211; perdoar<\/li>\n<li><strong><em>Teilen<\/em><\/strong> &#8211; compartilhar<\/li>\n<li><strong><em>Begegnen<\/em><\/strong> &#8211; encontrar<\/li>\n<li><strong><em>Einladen<\/em><\/strong> &#8211; convidar<\/li>\n<li><strong><em>Feiern<\/em><\/strong> &#8211; celebrar<\/li>\n<li><strong><em>Spenden<\/em><\/strong> &#8211; doar<\/li>\n<\/ol>\n<h2>A conjuga\u00e7\u00e3o dos verbos em alem\u00e3o<\/h2>\n<p>Os verbos em alem\u00e3o s\u00e3o conjugados de acordo com o tempo verbal, o modo (indicativo, imperativo, subjuntivo), a voz (ativa, passiva) e o aspecto (perfeito, imperfeito). A conjuga\u00e7\u00e3o dos verbos regulares \u00e9 mais simples, pois segue um padr\u00e3o fixo. J\u00e1 os verbos irregulares podem apresentar altera\u00e7\u00f5es no radical e nas desin\u00eancias, dependendo do tempo e do modo verbal.<\/p>\n<ul>\n<li><i>Ich habe<\/i> (Eu tenho): <i>Ich habe ein Auto<\/i> (Eu tenho um carro)<\/li>\n<li><i>du bist<\/i> (voc\u00ea \u00e9\/est\u00e1): <i>Du bist sch\u00f6n<\/i> (Voc\u00ea \u00e9 bonito)<\/li>\n<li><i>er\/sie\/es ist<\/i> (ele\/ela\/isto \u00e9\/est\u00e1): <i>Er ist alt<\/i> (Ele \u00e9 velho)<\/li>\n<li><i>wir sind<\/i> (n\u00f3s somos\/estamos): <i>Wir sind gl\u00fccklich<\/i> (N\u00f3s somos felizes)<\/li>\n<li><i>ich kann<\/i> (eu posso): <i>Ich kann schwimmen<\/i> (Eu posso nadar)<\/li>\n<\/ul>\n<h2>Verbos Regulares em Alem\u00e3o<\/h2>\n<p>Os verbos regulares em alem\u00e3o s\u00e3o aqueles que seguem um padr\u00e3o espec\u00edfico na sua conjuga\u00e7\u00e3o. Vamos discutir alguns exemplos:<\/p>\n<ul>\n<li><i>Spielen<\/i> (jogar): <i>Ich spiele Fu\u00dfball<\/i> (Eu jogo futebol)<\/li>\n<li><i>Kochen<\/i> (cozinhar): <i>Er kocht das Essen<\/i> (Ele cozinha a comida)<\/li>\n<li><i>Arbeiten<\/i> (trabalhar): <i>Sie arbeitet im B\u00fcro<\/i> (Ela trabalha no escrit\u00f3rio)<\/li>\n<li><i>Studieren<\/i> (estudar): <i>Wir studieren Mathematik<\/i> (N\u00f3s estudamos matem\u00e1tica)<\/li>\n<li><i>Reisen<\/i> (viajar): <i>Sie reisen nach Deutschland<\/i> (Eles viajam para a Alemanha)<\/li>\n<\/ul>\n<h2>Verbos Irregulares em Alem\u00e3o<\/h2>\n<p>Os <i>verbos em alem\u00e3o<\/i> irregulares s\u00e3o aqueles que n\u00e3o seguem um padr\u00e3o espec\u00edfico na sua conjuga\u00e7\u00e3o. Aqui est\u00e3o alguns exemplos:<\/p>\n<ul>\n<li><i>Sehen<\/i> (ver): <i>Ich sehe den Film<\/i> (Eu vejo o filme)<\/li>\n<li><i>Sprechen<\/i> (falar): <i>Er spricht mit dem Chef<\/i> (Ele fala com o chefe)<\/li>\n<li><i>Lesen<\/i> (ler): <i>Sie liest das Buch<\/i> (Ela l\u00ea o livro)<\/li>\n<li><i>Schreiben<\/i> (escrever): <i>Wir schreiben die Pr\u00fcfung<\/i> (N\u00f3s escrevemos o exame)<\/li>\n<li><i>Fahren<\/i> (dirigir): <i>Sie fahren das Auto<\/i> (Eles dirigem o carro)<\/li>\n<\/ul>\n<h2>Verbos Modais em Alem\u00e3o<\/h2>\n<p>Os verbos modais em alem\u00e3o s\u00e3o usados para expressar a atitude de uma pessoa em rela\u00e7\u00e3o a uma a\u00e7\u00e3o. Aqui est\u00e3o alguns exemplos:<\/p>\n<ul>\n<li><i>M\u00fcssen<\/i> (dever): <i>Ich muss gehen<\/i> (Eu devo ir)<\/li>\n<li><i>K\u00f6nnen<\/i> (poder): <i>Er kann schwimmen<\/i> (Ele pode nadar)<\/li>\n<li><i>Wollen<\/i> (querer): <i>Sie will essen<\/i> (Ela quer comer)<\/li>\n<li><i>Sollen<\/i> (deveria): <i>Wir sollen studieren<\/i> (N\u00f3s devemos estudar)<\/li>\n<li><i>D\u00fcrfen<\/i> (pode\/permiss\u00e3o): <i>Sie d\u00fcrfen das Buch lesen<\/i> (Eles podem ler o livro)<\/li>\n<\/ul>\n<h2>Verbos Reflexivos em Alem\u00e3o<\/h2>\n<p>Os verbos reflexivos em alem\u00e3o s\u00e3o aqueles que indicam que a a\u00e7\u00e3o recai sobre o sujeito. Aqui est\u00e3o alguns exemplos:<\/p>\n<ul>\n<li><i>Sich anziehen<\/i> (vestir-se): <i>Ich ziehe mich an<\/i> (Eu me visto)<\/li>\n<li><i>Sich waschen<\/i> (lavar-se): <i>Er w\u00e4scht sich<\/i> (Ele se lava)<\/li>\n<li><i>Sich setzen<\/i> (sentar-se): <i>Sie setzt sich<\/i> (Ela se senta)<\/li>\n<li><i>Sich f\u00fchlen<\/i> (sentir-se): <i>Wir f\u00fchlen uns gut<\/i> (N\u00f3s nos sentimos bem)<\/li>\n<li><i>Sich treffen<\/i> (encontrar-se): <i>Sie treffen sich im Park<\/i> (Eles se encontram no parque)<\/li>\n<\/ul>\n<h2>Perguntas Frequentes<\/h2>\n<p><strong>1. Como posso saber se o verbo \u00e9 regular ou irregular?<\/strong><\/p>\n<p>Os verbos regulares seguem um padr\u00e3o fixo na sua conjuga\u00e7\u00e3o, enquanto os verbos irregulares podem ter altera\u00e7\u00f5es no radical e nas desin\u00eancias. A melhor maneira de saber \u00e9 consultar um dicion\u00e1rio de alem\u00e3o ou um livro de gram\u00e1tica.<\/p>\n<p><strong>2. O que s\u00e3o os verbos modais?<\/strong><\/p>\n<p>Os verbos modais s\u00e3o uma categoria especial de <i>verbos em alem\u00e3o<\/i> que expressam possibilidade, necessidade, obriga\u00e7\u00e3o, permiss\u00e3o, entre outros. Alguns exemplos s\u00e3o: <em>d\u00fcrfen<\/em> (poder, ter permiss\u00e3o), <em>k\u00f6nnen<\/em> (poder, ser capaz), <em>m\u00f6gen<\/em> (gostar), <em>m\u00fcssen<\/em> (dever, ter que), <em>sollen<\/em> (dever) e <em>wollen<\/em> (querer).<\/p>\n<p><strong>3. O que s\u00e3o os verbos reflexivos?<\/strong><\/p>\n<p>Os verbos reflexivos s\u00e3o aqueles em que o sujeito realiza e recebe a a\u00e7\u00e3o do verbo. Eles s\u00e3o acompanhados por um pronome reflexivo que concorda em g\u00eanero, n\u00famero e caso com o sujeito da frase.<\/p>\n<p><strong>4. Existe uma maneira f\u00e1cil de aprender os verbos em alem\u00e3o?<\/strong><\/p>\n<p>Pr\u00e1tica e regularidade s\u00e3o a chave para aprender os verbos em alem\u00e3o. \u00c9 \u00fatil praticar a conjuga\u00e7\u00e3o dos verbos regularmente e usar os verbos em frases para entender melhor o seu uso. Al\u00e9m disso, assistir a filmes e ouvir m\u00fasica em alem\u00e3o pode ajudar a familiarizar-se com os verbos e a sua conjuga\u00e7\u00e3o.<\/p>\n<h2>Conclus\u00e3o<\/h2>\n<p>Aprender os verbos em alem\u00e3o \u00e9 uma parte fundamental na aprendizagem da l\u00edngua alem\u00e3. Compreender a estrutura e as regras de conjuga\u00e7\u00e3o dos verbos pode ser um desafio, mas com pr\u00e1tica e regularidade, voc\u00ea pode aprimorar suas habilidades lingu\u00edsticas e tornar-se mais fluente em alem\u00e3o. Lembre-se, cada verbo \u00e9 uma nova oportunidade para expressar suas ideias e sentimentos, por isso, n\u00e3o desanime se encontrar dificuldades. Continue praticando e voc\u00ea ver\u00e1 progresso.<\/p>\n<p>Esperamos que este artigo tenha sido \u00fatil para voc\u00ea na sua jornada de aprendizagem do alem\u00e3o. Se voc\u00ea tiver mais perguntas sobre os verbos em alem\u00e3o, n\u00e3o hesite em entrar em contato conosco. Estamos aqui para ajudar!<\/p>\n<p>Agora que voc\u00ea aprendeu o que estava buscando, aproveite para conhecer o <a href=\"https:\/\/fluency.io\/br\/cursos\/alemao\/\" target=\"_blank\" rel=\"noopener\">curso de Alem\u00e3o<\/a> da maior escola de idiomas do mundo. Estude com os professores mais amados da internet com b\u00f4nus exclusivos.<\/p>\n","protected":false},"excerpt":{"rendered":"<p>Dominar os verbos em alem\u00e3o \u00e9 essencial para aprofundar no idioma. Mergulhe com a gente nesse conte\u00fado e expanda seu repert\u00f3rio sobre o tema!<\/p>\n","protected":false},"author":9,"featured_media":78692,"comment_status":"open","ping_status":"open","sticky":false,"template":"","format":[186],"meta":{"inline_featured_image":false,"footnotes":""},"categories":[171],"tags":[],"trilha":[],"class_list":["post-78973","post","type-post","status-publish","format-standard","has-post-thumbnail","hentry","category-vocabulario","format-artigos"],"acf":[],"yoast_head":"<!-- This site is optimized with the Yoast SEO plugin v26.6 - https:\/\/yoast.com\/wordpress\/plugins\/seo\/ -->\n<title>Verbos em Alem\u00e3o: Conhe\u00e7a os 100 Mais Utilizados<\/title>\n<meta name=\"description\" content=\"Apreenda tudo sobre os Verbos em alem\u00e3o, desde os tipos existentes, conjuga\u00e7\u00f5es e uma lista com os mais frequentes no idioma. Confira!\" \/>\n<meta name=\"robots\" content=\"index, follow, max-snippet:-1, max-image-preview:large, max-video-preview:-1\" \/>\n<link rel=\"canonical\" href=\"https:\/\/fluency.io\/br\/blog\/verbos-em-alemao-os-100-mais-utilizados\/\" \/>\n<meta property=\"og:locale\" content=\"pt_BR\" \/>\n<meta property=\"og:type\" content=\"article\" \/>\n<meta property=\"og:title\" content=\"Verbos em Alem\u00e3o: Conhe\u00e7a os 100 Mais Utilizados\" \/>\n<meta property=\"og:description\" content=\"Apreenda tudo sobre os Verbos em alem\u00e3o, desde os tipos existentes, conjuga\u00e7\u00f5es e uma lista com os mais frequentes no idioma. Confira!\" \/>\n<meta property=\"og:url\" content=\"https:\/\/fluency.io\/br\/blog\/verbos-em-alemao-os-100-mais-utilizados\/\" \/>\n<meta property=\"og:site_name\" content=\"Fluency.io Brasil\" \/>\n<meta property=\"article:published_time\" content=\"2024-06-19T17:07:07+00:00\" \/>\n<meta property=\"article:modified_time\" content=\"2024-08-26T13:55:53+00:00\" \/>\n<meta property=\"og:image\" content=\"https:\/\/fluency.io\/br\/wp-content\/uploads\/sites\/3\/2024\/06\/verbos-em-alemao.jpg\" \/>\n\t<meta property=\"og:image:width\" content=\"1210\" \/>\n\t<meta property=\"og:image:height\" content=\"680\" \/>\n\t<meta property=\"og:image:type\" content=\"image\/jpeg\" \/>\n<meta name=\"twitter:card\" content=\"summary_large_image\" \/>\n<meta name=\"twitter:label1\" content=\"Escrito por\" \/>\n\t<meta name=\"twitter:data1\" content=\"kaue\" \/>\n\t<meta name=\"twitter:label2\" content=\"Est. tempo de leitura\" \/>\n\t<meta name=\"twitter:data2\" content=\"8 minutos\" \/>\n<script type=\"application\/ld+json\" class=\"yoast-schema-graph\">{\"@context\":\"https:\/\/schema.org\",\"@graph\":[{\"@type\":\"WebPage\",\"@id\":\"https:\/\/fluency.io\/br\/blog\/verbos-em-alemao-os-100-mais-utilizados\/\",\"url\":\"https:\/\/fluency.io\/br\/blog\/verbos-em-alemao-os-100-mais-utilizados\/\",\"name\":\"Verbos em Alem\u00e3o: Conhe\u00e7a os 100 Mais Utilizados\",\"isPartOf\":{\"@id\":\"https:\/\/fluency.io\/br\/#website\"},\"primaryImageOfPage\":{\"@id\":\"https:\/\/fluency.io\/br\/blog\/verbos-em-alemao-os-100-mais-utilizados\/#primaryimage\"},\"image\":{\"@id\":\"https:\/\/fluency.io\/br\/blog\/verbos-em-alemao-os-100-mais-utilizados\/#primaryimage\"},\"thumbnailUrl\":\"https:\/\/fluency.io\/br\/wp-content\/uploads\/sites\/3\/2024\/06\/verbos-em-alemao.jpg\",\"datePublished\":\"2024-06-19T17:07:07+00:00\",\"dateModified\":\"2024-08-26T13:55:53+00:00\",\"author\":{\"@id\":\"https:\/\/fluency.io\/br\/#\/schema\/person\/7b3b2b50ba17b7f2ad0cce0a40bfa00a\"},\"description\":\"Apreenda tudo sobre os Verbos em alem\u00e3o, desde os tipos existentes, conjuga\u00e7\u00f5es e uma lista com os mais frequentes no idioma. Confira!\",\"breadcrumb\":{\"@id\":\"https:\/\/fluency.io\/br\/blog\/verbos-em-alemao-os-100-mais-utilizados\/#breadcrumb\"},\"inLanguage\":\"pt-BR\",\"potentialAction\":[{\"@type\":\"ReadAction\",\"target\":[\"https:\/\/fluency.io\/br\/blog\/verbos-em-alemao-os-100-mais-utilizados\/\"]}]},{\"@type\":\"ImageObject\",\"inLanguage\":\"pt-BR\",\"@id\":\"https:\/\/fluency.io\/br\/blog\/verbos-em-alemao-os-100-mais-utilizados\/#primaryimage\",\"url\":\"https:\/\/fluency.io\/br\/wp-content\/uploads\/sites\/3\/2024\/06\/verbos-em-alemao.jpg\",\"contentUrl\":\"https:\/\/fluency.io\/br\/wp-content\/uploads\/sites\/3\/2024\/06\/verbos-em-alemao.jpg\",\"width\":1210,\"height\":680,\"caption\":\"verbos-em-alemao\"},{\"@type\":\"BreadcrumbList\",\"@id\":\"https:\/\/fluency.io\/br\/blog\/verbos-em-alemao-os-100-mais-utilizados\/#breadcrumb\",\"itemListElement\":[{\"@type\":\"ListItem\",\"position\":1,\"name\":\"Home\",\"item\":\"https:\/\/fluency.io\/br\/\"},{\"@type\":\"ListItem\",\"position\":2,\"name\":\"Verbos em Alem\u00e3o: Os 100 Mais Utilizados\"}]},{\"@type\":\"WebSite\",\"@id\":\"https:\/\/fluency.io\/br\/#website\",\"url\":\"https:\/\/fluency.io\/br\/\",\"name\":\"Fluency Academy\",\"description\":\"\",\"potentialAction\":[{\"@type\":\"SearchAction\",\"target\":{\"@type\":\"EntryPoint\",\"urlTemplate\":\"https:\/\/fluency.io\/br\/?s={search_term_string}\"},\"query-input\":{\"@type\":\"PropertyValueSpecification\",\"valueRequired\":true,\"valueName\":\"search_term_string\"}}],\"inLanguage\":\"pt-BR\"},{\"@type\":\"Person\",\"@id\":\"https:\/\/fluency.io\/br\/#\/schema\/person\/7b3b2b50ba17b7f2ad0cce0a40bfa00a\",\"name\":\"kaue\",\"image\":{\"@type\":\"ImageObject\",\"inLanguage\":\"pt-BR\",\"@id\":\"https:\/\/fluency.io\/br\/#\/schema\/person\/image\/\",\"url\":\"https:\/\/secure.gravatar.com\/avatar\/bdd3958fa53019cfd8f789c0a49a730e7ba40a1d20cb42c9ced7646285842479?s=96&d=mm&r=g\",\"contentUrl\":\"https:\/\/secure.gravatar.com\/avatar\/bdd3958fa53019cfd8f789c0a49a730e7ba40a1d20cb42c9ced7646285842479?s=96&d=mm&r=g\",\"caption\":\"kaue\"}}]}<\/script>\n<!-- \/ Yoast SEO plugin. -->","yoast_head_json":{"title":"Verbos em Alem\u00e3o: Conhe\u00e7a os 100 Mais Utilizados","description":"Apreenda tudo sobre os Verbos em alem\u00e3o, desde os tipos existentes, conjuga\u00e7\u00f5es e uma lista com os mais frequentes no idioma. Confira!","robots":{"index":"index","follow":"follow","max-snippet":"max-snippet:-1","max-image-preview":"max-image-preview:large","max-video-preview":"max-video-preview:-1"},"canonical":"https:\/\/fluency.io\/br\/blog\/verbos-em-alemao-os-100-mais-utilizados\/","og_locale":"pt_BR","og_type":"article","og_title":"Verbos em Alem\u00e3o: Conhe\u00e7a os 100 Mais Utilizados","og_description":"Apreenda tudo sobre os Verbos em alem\u00e3o, desde os tipos existentes, conjuga\u00e7\u00f5es e uma lista com os mais frequentes no idioma. Confira!","og_url":"https:\/\/fluency.io\/br\/blog\/verbos-em-alemao-os-100-mais-utilizados\/","og_site_name":"Fluency.io Brasil","article_published_time":"2024-06-19T17:07:07+00:00","article_modified_time":"2024-08-26T13:55:53+00:00","og_image":[{"width":1210,"height":680,"url":"https:\/\/fluency.io\/br\/wp-content\/uploads\/sites\/3\/2024\/06\/verbos-em-alemao.jpg","type":"image\/jpeg"}],"twitter_card":"summary_large_image","twitter_misc":{"Escrito por":"kaue","Est. tempo de leitura":"8 minutos"},"schema":{"@context":"https:\/\/schema.org","@graph":[{"@type":"WebPage","@id":"https:\/\/fluency.io\/br\/blog\/verbos-em-alemao-os-100-mais-utilizados\/","url":"https:\/\/fluency.io\/br\/blog\/verbos-em-alemao-os-100-mais-utilizados\/","name":"Verbos em Alem\u00e3o: Conhe\u00e7a os 100 Mais Utilizados","isPartOf":{"@id":"https:\/\/fluency.io\/br\/#website"},"primaryImageOfPage":{"@id":"https:\/\/fluency.io\/br\/blog\/verbos-em-alemao-os-100-mais-utilizados\/#primaryimage"},"image":{"@id":"https:\/\/fluency.io\/br\/blog\/verbos-em-alemao-os-100-mais-utilizados\/#primaryimage"},"thumbnailUrl":"https:\/\/fluency.io\/br\/wp-content\/uploads\/sites\/3\/2024\/06\/verbos-em-alemao.jpg","datePublished":"2024-06-19T17:07:07+00:00","dateModified":"2024-08-26T13:55:53+00:00","author":{"@id":"https:\/\/fluency.io\/br\/#\/schema\/person\/7b3b2b50ba17b7f2ad0cce0a40bfa00a"},"description":"Apreenda tudo sobre os Verbos em alem\u00e3o, desde os tipos existentes, conjuga\u00e7\u00f5es e uma lista com os mais frequentes no idioma. Confira!","breadcrumb":{"@id":"https:\/\/fluency.io\/br\/blog\/verbos-em-alemao-os-100-mais-utilizados\/#breadcrumb"},"inLanguage":"pt-BR","potentialAction":[{"@type":"ReadAction","target":["https:\/\/fluency.io\/br\/blog\/verbos-em-alemao-os-100-mais-utilizados\/"]}]},{"@type":"ImageObject","inLanguage":"pt-BR","@id":"https:\/\/fluency.io\/br\/blog\/verbos-em-alemao-os-100-mais-utilizados\/#primaryimage","url":"https:\/\/fluency.io\/br\/wp-content\/uploads\/sites\/3\/2024\/06\/verbos-em-alemao.jpg","contentUrl":"https:\/\/fluency.io\/br\/wp-content\/uploads\/sites\/3\/2024\/06\/verbos-em-alemao.jpg","width":1210,"height":680,"caption":"verbos-em-alemao"},{"@type":"BreadcrumbList","@id":"https:\/\/fluency.io\/br\/blog\/verbos-em-alemao-os-100-mais-utilizados\/#breadcrumb","itemListElement":[{"@type":"ListItem","position":1,"name":"Home","item":"https:\/\/fluency.io\/br\/"},{"@type":"ListItem","position":2,"name":"Verbos em Alem\u00e3o: Os 100 Mais Utilizados"}]},{"@type":"WebSite","@id":"https:\/\/fluency.io\/br\/#website","url":"https:\/\/fluency.io\/br\/","name":"Fluency Academy","description":"","potentialAction":[{"@type":"SearchAction","target":{"@type":"EntryPoint","urlTemplate":"https:\/\/fluency.io\/br\/?s={search_term_string}"},"query-input":{"@type":"PropertyValueSpecification","valueRequired":true,"valueName":"search_term_string"}}],"inLanguage":"pt-BR"},{"@type":"Person","@id":"https:\/\/fluency.io\/br\/#\/schema\/person\/7b3b2b50ba17b7f2ad0cce0a40bfa00a","name":"kaue","image":{"@type":"ImageObject","inLanguage":"pt-BR","@id":"https:\/\/fluency.io\/br\/#\/schema\/person\/image\/","url":"https:\/\/secure.gravatar.com\/avatar\/bdd3958fa53019cfd8f789c0a49a730e7ba40a1d20cb42c9ced7646285842479?s=96&d=mm&r=g","contentUrl":"https:\/\/secure.gravatar.com\/avatar\/bdd3958fa53019cfd8f789c0a49a730e7ba40a1d20cb42c9ced7646285842479?s=96&d=mm&r=g","caption":"kaue"}}]}},"_links":{"self":[{"href":"https:\/\/fluency.io\/br\/wp-json\/wp\/v2\/posts\/78973","targetHints":{"allow":["GET"]}}],"collection":[{"href":"https:\/\/fluency.io\/br\/wp-json\/wp\/v2\/posts"}],"about":[{"href":"https:\/\/fluency.io\/br\/wp-json\/wp\/v2\/types\/post"}],"author":[{"embeddable":true,"href":"https:\/\/fluency.io\/br\/wp-json\/wp\/v2\/users\/9"}],"replies":[{"embeddable":true,"href":"https:\/\/fluency.io\/br\/wp-json\/wp\/v2\/comments?post=78973"}],"version-history":[{"count":2,"href":"https:\/\/fluency.io\/br\/wp-json\/wp\/v2\/posts\/78973\/revisions"}],"predecessor-version":[{"id":80137,"href":"https:\/\/fluency.io\/br\/wp-json\/wp\/v2\/posts\/78973\/revisions\/80137"}],"wp:featuredmedia":[{"embeddable":true,"href":"https:\/\/fluency.io\/br\/wp-json\/wp\/v2\/media\/78692"}],"wp:attachment":[{"href":"https:\/\/fluency.io\/br\/wp-json\/wp\/v2\/media?parent=78973"}],"wp:term":[{"taxonomy":"category","embeddable":true,"href":"https:\/\/fluency.io\/br\/wp-json\/wp\/v2\/categories?post=78973"},{"taxonomy":"post_tag","embeddable":true,"href":"https:\/\/fluency.io\/br\/wp-json\/wp\/v2\/tags?post=78973"},{"taxonomy":"format","embeddable":true,"href":"https:\/\/fluency.io\/br\/wp-json\/wp\/v2\/format?post=78973"},{"taxonomy":"trilha","embeddable":true,"href":"https:\/\/fluency.io\/br\/wp-json\/wp\/v2\/trilha?post=78973"}],"curies":[{"name":"wp","href":"https:\/\/api.w.org\/{rel}","templated":true}]}}